{"id":1723,"date":"2009-11-16T07:36:16","date_gmt":"2009-11-16T10:36:16","guid":{"rendered":"http:\/\/www.elsindical.com.ar\/notas\/?p=1723"},"modified":"2009-11-16T07:36:16","modified_gmt":"2009-11-16T10:36:16","slug":"a-20-anos-de-la-adopcion-de-la-convencion-no-se-cumplen-los-derechos-del-nino-en-el-mundo","status":"publish","type":"post","link":"https:\/\/www.elsindical.com.ar\/notas\/a-20-anos-de-la-adopcion-de-la-convencion-no-se-cumplen-los-derechos-del-nino-en-el-mundo\/","title":{"rendered":"A 20 a\u00f1os de la adopci\u00f3n de la Convenci\u00f3n, no se cumplen los derechos del ni\u00f1o en el mundo"},"content":{"rendered":"<p style=\"text-align: justify;\"><span><strong><em><img loading=\"lazy\" decoding=\"async\" class=\"alignleft size-full wp-image-1724\" title=\"Convenci\u00f3n-derechos-del-ni\u00f1\" src=\"http:\/\/www.elsindical.com.ar\/notas\/var\/www\/html\/notas\/wp-content\/uploads\/2009\/11\/Convenci\u00f3n-derechos-del-ni\u00f1.jpg\" alt=\"Convenci\u00f3n-derechos-del-ni\u00f1\" width=\"266\" height=\"203\" \/>A 20 a\u00f1os de la adopci\u00f3n de la Convenci\u00f3n sobre los Derechos del Ni\u00f1o, por parte de las Naciones Unidas y ratificada por 192 pa\u00edses, esos derechos siguen sin adoptarse a nivel mundial, aunque los organismos especializados reconocen algunos progresos.<\/em> <\/strong><\/span><\/p>\n<p><span><\/p>\n<div id=\"spntxt\" style=\"text-align: justify; padding-left: 3px; padding-right: 5px;\">El 20 de noviembre de 1989 se planteaba por primera vez en el mundo la visibilizaci\u00f3n de los ni\u00f1os y ni\u00f1as como protagonistas de su propio desarrollo y no como una posesi\u00f3n de sus padres, y se reclamaba a los Estados y a la sociedad que reconozca sus derechos para expresar sus opiniones, ser escuchados y actuar apropiadamente.<\/p>\n<p>Los informes mundiales de Unicef hacen hincapi\u00e9 en que millones de ni\u00f1os y ni\u00f1as no gozan de sus derechos m\u00e1s elementales, v\u00edctimas de la pobreza, la desnutrici\u00f3n, la marginaci\u00f3n y estigmatizaci\u00f3n, la falta de acceso a la educaci\u00f3n y a la salud, la institucionalizaci\u00f3n y la explotaci\u00f3n sexual.<\/p>\n<p>\u00abPara que se cumplan los derechos de los ni\u00f1os y ni\u00f1as tiene que estar toda la comunidad comprometida y concientizada en cu\u00e1les son esos derechos y en que deben aplicarse realmente\u00bb, dijo A T\u00e9lam , Nora Schulman, directora ejecutiva del Comit\u00e9 Argentino de Seguimiento y Aplicaci\u00f3n de la Convenci\u00f3n Internacional de la Infancia (Casacidn).<\/p>\n<p>En este sentido, a\u00f1adi\u00f3 que esta problem\u00e1tica \u00abno es una cuesti\u00f3n que tienen que conocer s\u00f3lo los especialistas\u00bb, y resalt\u00f3 la necesidad de pol\u00edticas p\u00fablicas que se orienten en ese sentido.<\/p>\n<p>La Argentina adopt\u00f3 la normativa internacional y adecu\u00f3 hace cuatro a\u00f1os su legislaci\u00f3n nacional a la Convenci\u00f3n d\u00e1ndole un marco jur\u00eddico para su aplicaci\u00f3n, \u00abque era una de las recomendaciones de la Convenci\u00f3n\u00bb, dijo Schulman, tras marcar ese hecho como fundamental \u00abque incluso va m\u00e1s all\u00e1 porque incluye el tema de g\u00e9nero\u00bb.<\/p>\n<p>En tanto, en el pa\u00eds se produjeron avances en los \u00faltimos a\u00f1os, aunque \u00absigue habiendo incumplimientos respecto de las normativas y recomendaciones de la Convenci\u00f3n\u00bb, dijo Schulman.<\/p>\n<p>Para la especialista la problem\u00e1tica \u00abno es una cuesti\u00f3n que tienen que conocer s\u00f3lo los especialistas\u00bb, y resalt\u00f3 la necesidad de pol\u00edticas p\u00fablicas que se orienten en ese sentido.<br \/>\nA su vez, destac\u00f3 que una de las cuestiones que se inscriben dentro de los lineamientos de la Convenci\u00f3n, es \u00abel subsidio universal equitativo a la ni\u00f1ez destinado a paliar situaciones de pobreza, esto es un avance importante\u00bb, que anunci\u00f3 recientemente el gobierno nacional.<\/p>\n<p>No obstante enumer\u00f3 \u00abincumplimientos\u00bb frente a otras recomendaciones del organismo mundial.<\/p>\n<p>\u00abHace ya 5 a\u00f1os que la Convenci\u00f3n hizo una serie de recomendaciones a la Argentina sobre problemas centrales de salud, educaci\u00f3n, embarazo, chicos institucionalizados y trabajo infantil\u00bb, dijo la titular de Casacidn.<\/p>\n<p>Destac\u00f3 que \u00abtenemos un incumplimiento por parte del Estado en cuando a la exclusi\u00f3n social y en el hecho de que estos derechos puedan ser alcanzados por todos los chicos\u00bb.<br \/>\nPara la especialista, \u00abes preocupante la cantidad de ni\u00f1os institucionalizados, porque la Convenci\u00f3n habla de que el ni\u00f1o tiene que estar con su familia o el grupo m\u00e1s cercano, y esto no se cumple, aunque mejor\u00f3\u00bb.<\/p>\n<p>Schulman dijo que \u00abadem\u00e1s est\u00e1 el problema de que no hay una ley de garant\u00edas de derechos en el tema penal\u00bb, y record\u00f3 que \u00abhay gran cantidad de chicos en instituciones penales que no tendr\u00edan que estar\u00bb.<\/p>\n<p>Schulman precis\u00f3 que los chicos menores de 16 a\u00f1os cometen el 10 por ciento de los delitos que realizan los adultos, y de ese total el 85 por ciento son delitos contra la propiedad, \u00abesto no implica que algunos chicos cometan delitos graves\u00bb.<\/p>\n<p>\u00abPero no hay homicidios cometidos por chicos en forma generalizada\u00bb, a\u00f1adi\u00f3 tras criticar \u00abel clima que busca dimensionar\u00bb el fen\u00f3meno que \u00abes grave porque lo es aunque sea un s\u00f3lo caso, pero no es significativo\u00bb.<\/p>\n<p>En este marco, \u00abno es lo mismo hablar de inseguridad que de sensaci\u00f3n de inseguridad, y eso en el caso de estos chicos se potencia con la idea de que hay que matarlos, encerrarlos o dentro de poco los linchan por la calle, esto es lo m\u00e1s grave\u00bb, expres\u00f3.<\/p>\n<p>Al mencionar los casos, se\u00f1al\u00f3 que son chicos que lamentablemente no tienen nada, \u00aby esto est\u00e1 agravado por el `paco` que tiene la misma ra\u00edz, es el tema de la falta de proyecto y p\u00e9rdida de sentido de la vida\u00bb.<\/p>\n<p>\u00abEsto es lo m\u00e1s grave que est\u00e1 pasando -reiter\u00f3- y la Convenci\u00f3n lo est\u00e1 planteando desde su articulado sobre el derecho a la salud, a la educaci\u00f3n y a no detenerlos arbitrariamente\u00bb.<\/p>\n<p>Mencion\u00f3 otras problem\u00e1ticas como el trabajo infantil y la explotaci\u00f3n sexual de ni\u00f1as y ni\u00f1os, \u00abesto aument\u00f3; por un lado sale m\u00e1s a la luz y por otro hay m\u00e1s casos\u00bb.<br \/>\nLa titular de la organizaci\u00f3n plante\u00f3 que hay una diferencia entre chicos de \u00absegunda\u00bb, hundidos en la pobreza, y de \u00abprimera\u00bb, de clase media y alta, los que si bien tienen derechos cumplidos tambi\u00e9n viven, de otro modo, situaciones de desprotecci\u00f3n.<\/p>\n<p>En este segundo grupo \u00abtambi\u00e9n hay abuso, discriminaci\u00f3n, violencia familiar, violencia entre pares, pero est\u00e1 mas velada y se maneja por otros carriles que no es el sistema p\u00fablico\u00bb.<\/p><\/div>\n<p><\/span><\/p>\n","protected":false},"excerpt":{"rendered":"<p>A 20 a\u00f1os de la adopci\u00f3n de la Convenci\u00f3n sobre los Derechos del Ni\u00f1o, por parte de las Naciones Unidas y ratificada por 192 pa\u00edses, esos derechos siguen sin adoptarse a nivel mundial, aunque los organismos especializados reconocen algunos progresos. El 20 de noviembre de 1989 se planteaba por primera vez en el mundo la&hellip;<\/p>\n","protected":false},"author":1,"featured_media":0,"comment_status":"open","ping_status":"open","sticky":false,"template":"","format":"standard","meta":{"footnotes":""},"categories":[8],"tags":[948,949],"class_list":["post-1723","post","type-post","status-publish","format-standard","hentry","category-derechos-humanos","tag-convencion","tag-derechos-del-nino"],"_links":{"self":[{"href":"https:\/\/www.elsindical.com.ar\/notas\/wp-json\/wp\/v2\/posts\/1723","targetHints":{"allow":["GET"]}}],"collection":[{"href":"https:\/\/www.elsindical.com.ar\/notas\/wp-json\/wp\/v2\/posts"}],"about":[{"href":"https:\/\/www.elsindical.com.ar\/notas\/wp-json\/wp\/v2\/types\/post"}],"author":[{"embeddable":true,"href":"https:\/\/www.elsindical.com.ar\/notas\/wp-json\/wp\/v2\/users\/1"}],"replies":[{"embeddable":true,"href":"https:\/\/www.elsindical.com.ar\/notas\/wp-json\/wp\/v2\/comments?post=1723"}],"version-history":[{"count":1,"href":"https:\/\/www.elsindical.com.ar\/notas\/wp-json\/wp\/v2\/posts\/1723\/revisions"}],"predecessor-version":[{"id":1725,"href":"https:\/\/www.elsindical.com.ar\/notas\/wp-json\/wp\/v2\/posts\/1723\/revisions\/1725"}],"wp:attachment":[{"href":"https:\/\/www.elsindical.com.ar\/notas\/wp-json\/wp\/v2\/media?parent=1723"}],"wp:term":[{"taxonomy":"category","embeddable":true,"href":"https:\/\/www.elsindical.com.ar\/notas\/wp-json\/wp\/v2\/categories?post=1723"},{"taxonomy":"post_tag","embeddable":true,"href":"https:\/\/www.elsindical.com.ar\/notas\/wp-json\/wp\/v2\/tags?post=1723"}],"curies":[{"name":"wp","href":"https:\/\/api.w.org\/{rel}","templated":true}]}}