{"id":17146,"date":"2011-09-22T13:11:24","date_gmt":"2011-09-22T16:11:24","guid":{"rendered":"http:\/\/www.elsindical.com.ar\/notas\/?p=17146"},"modified":"2011-09-22T13:11:24","modified_gmt":"2011-09-22T16:11:24","slug":"piden-a-la-justicia-que-ex-montoneros-declaren-por-el-crimen-de-jose-rucci","status":"publish","type":"post","link":"https:\/\/www.elsindical.com.ar\/notas\/piden-a-la-justicia-que-ex-montoneros-declaren-por-el-crimen-de-jose-rucci\/","title":{"rendered":"Piden a la Justicia que ex Montoneros declaren por el crimen de Jos\u00e9 Rucci"},"content":{"rendered":"<p style=\"text-align: justify;\"><em><a href=\"http:\/\/www.elsindical.com.ar\/notas\/var\/www\/html\/notas\/wp-content\/uploads\/2010\/05\/Claudia-Rucci.jpg\"><img loading=\"lazy\" decoding=\"async\" class=\"alignleft size-full wp-image-6640\" title=\"Claudia-Rucci\" src=\"http:\/\/www.elsindical.com.ar\/notas\/var\/www\/html\/notas\/wp-content\/uploads\/2010\/05\/Claudia-Rucci.jpg\" alt=\"\" width=\"255\" height=\"175\" \/><\/a>La hija del l\u00edder sindical asesinado en 1973, present\u00f3 hoy un pedido para que citen a 13 integrantes de esa organizaci\u00f3n armada, entre los que se encuentran Horacio Gonz\u00e1lez y Miguel Bonasso. \u00ab<strong>Yo s\u00e9 qui\u00e9n apret\u00f3 el gatillo, y le voy a dar el nombre al Juez\u00bb<\/strong>, sostuvo <\/em><strong><em>Claudia Rucci<\/em>. <\/strong><\/p>\n<p style=\"text-align: justify;\">La diputada nacional Claudia Rucci <strong>present\u00f3 hoy ante la Justicia informaci\u00f3n sobre el asesinato de su padre, el l\u00edder sindical Jos\u00e9 Ignacio Rucci, ocurrido en 1973, y por la cu\u00e1l apunta directamente a la organizaci\u00f3n Montoneros.<\/strong><\/p>\n<p style=\"text-align: justify;\">La Justicia reabri\u00f3 la causa hace tres a\u00f1os y si bien tuvo algunos avances iniciales, no ha producido todav\u00eda pruebas concluyentes sobre los autores del crimen.<\/p>\n<p style=\"text-align: justify;\">Por eso, la diputada presentar\u00e1 un escrito con una serie de investigaciones realizadas durante este tiempo, en el que, adem\u00e1s,<strong>solicitar\u00e1 al Juez Ariel Lijo que cite a declarar a 13 ex integrantes de esa organizaci\u00f3n armada.<\/strong><\/p>\n<p style=\"text-align: justify;\">\u00ab<strong>Son todos personajes que han hecho comentarios, que han contado cosas, y yo estoy convencida de que de all\u00ed saldr\u00e1 \u00e9l o los nombres de los asesinos de mi padre.<\/strong> Durante estos dos a\u00f1os desde que se abri\u00f3 la causa hemos trabajado mucho y estamos convencidos de que fue la organizaci\u00f3n Montoneros\u00bb, sostuvo Rucci en declaraciones.<\/p>\n<p style=\"text-align: justify;\">Entre las personas que Rucci quiere que declaren, figuran el presidente dela Biblioteca Nacional, <strong>Horacio Gonz\u00e1lez, el diputado Miguel Bonasso, Roberto Perd\u00eda, Fernando Vaca Narvaja, Mario Firmenich y Ernesto Jauretche.\u00a0<\/strong><\/p>\n<p style=\"text-align: justify;\">\u00abComo este crimen prescribi\u00f3, se sintieron seguros de que no iban a ser juzgados nunca m\u00e1s, y empezaron a escribir y contar detalles\u00bb, agreg\u00f3 la diputada, quien adem\u00e1s afirm\u00f3: \u00ab<strong>Yo s\u00e9 qui\u00e9n apret\u00f3 el gatillo<\/strong>\u00ab.<\/p>\n<p style=\"text-align: justify;\">Por \u00faltimo, asegur\u00f3 que \u00ab<strong>m\u00e1s all\u00e1 de lo familiar, creo que los argentinos merecemos conocer la verdadera historia de este pa\u00eds<\/strong>. Fue el principio de la muerte de Per\u00f3n el asesinato de Rucci. \u00c9l ve\u00eda venir lo que iba a pasar despu\u00e9s, ve\u00eda venir el desastre enla Argentina\u00bb.<\/p>\n<p style=\"text-align: justify;\">Jos\u00e9 Ignacio Rucci fue asesinado en el mediod\u00eda del 25 de septiembre de 1973, cuando sal\u00eda de su casa familiar de calle Avellaneda 2953, en el barrio porte\u00f1o de Flores.<\/p>\n","protected":false},"excerpt":{"rendered":"<p>La hija del l\u00edder sindical asesinado en 1973, present\u00f3 hoy un pedido para que citen a 13 integrantes de esa organizaci\u00f3n armada, entre los que se encuentran Horacio Gonz\u00e1lez y Miguel Bonasso. \u00abYo s\u00e9 qui\u00e9n apret\u00f3 el gatillo, y le voy a dar el nombre al Juez\u00bb, sostuvo Claudia Rucci. La diputada nacional Claudia Rucci&hellip;<\/p>\n","protected":false},"author":1,"featured_media":0,"comment_status":"open","ping_status":"open","sticky":false,"template":"","format":"standard","meta":{"footnotes":""},"categories":[13],"tags":[363,3419,1514,344,7140,8375,6282],"class_list":["post-17146","post","type-post","status-publish","format-standard","hentry","category-politica","tag-asesinato","tag-claudia-rucci","tag-flores","tag-jose-ignacio-rucci","tag-juez-federal-ariel-lijo","tag-lider-sindical","tag-montoneros"],"_links":{"self":[{"href":"https:\/\/www.elsindical.com.ar\/notas\/wp-json\/wp\/v2\/posts\/17146","targetHints":{"allow":["GET"]}}],"collection":[{"href":"https:\/\/www.elsindical.com.ar\/notas\/wp-json\/wp\/v2\/posts"}],"about":[{"href":"https:\/\/www.elsindical.com.ar\/notas\/wp-json\/wp\/v2\/types\/post"}],"author":[{"embeddable":true,"href":"https:\/\/www.elsindical.com.ar\/notas\/wp-json\/wp\/v2\/users\/1"}],"replies":[{"embeddable":true,"href":"https:\/\/www.elsindical.com.ar\/notas\/wp-json\/wp\/v2\/comments?post=17146"}],"version-history":[{"count":1,"href":"https:\/\/www.elsindical.com.ar\/notas\/wp-json\/wp\/v2\/posts\/17146\/revisions"}],"predecessor-version":[{"id":17147,"href":"https:\/\/www.elsindical.com.ar\/notas\/wp-json\/wp\/v2\/posts\/17146\/revisions\/17147"}],"wp:attachment":[{"href":"https:\/\/www.elsindical.com.ar\/notas\/wp-json\/wp\/v2\/media?parent=17146"}],"wp:term":[{"taxonomy":"category","embeddable":true,"href":"https:\/\/www.elsindical.com.ar\/notas\/wp-json\/wp\/v2\/categories?post=17146"},{"taxonomy":"post_tag","embeddable":true,"href":"https:\/\/www.elsindical.com.ar\/notas\/wp-json\/wp\/v2\/tags?post=17146"}],"curies":[{"name":"wp","href":"https:\/\/api.w.org\/{rel}","templated":true}]}}