{"id":17063,"date":"2011-09-19T13:37:54","date_gmt":"2011-09-19T16:37:54","guid":{"rendered":"http:\/\/www.elsindical.com.ar\/notas\/?p=17063"},"modified":"2011-09-19T13:37:54","modified_gmt":"2011-09-19T16:37:54","slug":"el-asesino-de-candela-debe-estar-en-el-entorno-familiar","status":"publish","type":"post","link":"https:\/\/www.elsindical.com.ar\/notas\/el-asesino-de-candela-debe-estar-en-el-entorno-familiar\/","title":{"rendered":"El asesino de Candela \u00abdebe estar en el entorno familiar\u00bb"},"content":{"rendered":"<p style=\"text-align: justify;\"><em><a href=\"http:\/\/www.elsindical.com.ar\/notas\/var\/www\/html\/notas\/wp-content\/uploads\/2011\/09\/Fernando-Carola-Candela.jpg\"><img loading=\"lazy\" decoding=\"async\" class=\"alignleft size-medium wp-image-17064\" title=\"Fernando,-Carola,-Candela\" src=\"http:\/\/www.elsindical.com.ar\/notas\/var\/www\/html\/notas\/wp-content\/uploads\/2011\/09\/Fernando-Carola-Candela-300x225.jpg\" alt=\"\" width=\"300\" height=\"225\" srcset=\"https:\/\/www.elsindical.com.ar\/notas\/var\/www\/html\/notas\/wp-content\/uploads\/2011\/09\/Fernando-Carola-Candela-300x225.jpg 300w, https:\/\/www.elsindical.com.ar\/notas\/var\/www\/html\/notas\/wp-content\/uploads\/2011\/09\/Fernando-Carola-Candela.jpg 325w\" sizes=\"auto, (max-width: 300px) 100vw, 300px\" \/><\/a>Lo asegur\u00f3 Fernando Burlando, abogado de Carola Labrador, madre de la nena de 11 a\u00f1os. \u00abHay un personaje mencionado por la mam\u00e1 que no fue investigado en forma profunda\u00bb, agreg\u00f3. Adem\u00e1s, confirm\u00f3 que su cliente se presentar\u00e1 como \u00abparticular damnificado\u00bb.<\/em><\/p>\n<p style=\"text-align: justify;\">El abogado de Carola Labrador, la mam\u00e1 de Candela Rodr\u00edguez, asegur\u00f3 esta ma\u00f1ana que el autor del asesinato de la ni\u00f1a \u00abdebe estar en el entorno familiar\u00bb y confirm\u00f3 que su cliente se presentar\u00e1 como \u00abparticular damnificado\u00bb.<\/p>\n<p>Fernando Burlando dijo que \u00abhay un personaje mencionado por la mam\u00e1 que no fue investigado en forma profunda\u00bb, aunque no revel\u00f3 la identidad de ese hombre o mujer.<\/p>\n<p>\u00abEl autor de este crimen debe estar dentro del entorno familiar: puede ser alguien que tenga actividades l\u00edcitas o il\u00edcitas vinculado al pap\u00e1, a la t\u00eda o a otro familiar o vecino&#8230; No hay que descartar absolutamente nada\u00bb, sentenci\u00f3 el abogado.<\/p>\n<p>Burlando explic\u00f3 que Labrador se presentar\u00e1 como \u00abparticular damnificada\u00bb en la causa por el crimen de su hija, cuyo cuerpo apareci\u00f3 el 31 de agosto luego de haber desaparecido el 22 en el partido bonaerense de Hurlingham.<\/p>\n<p>\u00abEs un instituto procesal que nos habilitar\u00eda, entre otros, solicitar medidas de prueba y en funci\u00f3n de c\u00f3mo viene sigui\u00e9ndose el camino de la investigaci\u00f3n creemos que es importante aportar ideas que tiene la mam\u00e1 de Candela\u00bb, explic\u00f3.<\/p>\n<p>El abogado subray\u00f3 que \u00ablo importante es dar con los autores reales de este crimen\u00bb y advirti\u00f3 que \u00abdesde el principio esta investigaci\u00f3n se ti\u00f1\u00f3 de muchas dudas, dudas en los momentos previos al asesinato de Candela y ahora entendemos que est\u00e1 pasando lo mismo\u00bb.<\/p>\n<p>Burlando precis\u00f3 que Carola Labrador trabaja \u00aben una cooperativa y tiene un sueldo bajo, que le da lo justo para vivir\u00bb y se quej\u00f3 porque \u00abhay ciertas situaciones que se est\u00e1n instalando para empa\u00f1ar en algo la imagen de la mam\u00e1\u00bb.<\/p>\n","protected":false},"excerpt":{"rendered":"<p>Lo asegur\u00f3 Fernando Burlando, abogado de Carola Labrador, madre de la nena de 11 a\u00f1os. \u00abHay un personaje mencionado por la mam\u00e1 que no fue investigado en forma profunda\u00bb, agreg\u00f3. Adem\u00e1s, confirm\u00f3 que su cliente se presentar\u00e1 como \u00abparticular damnificado\u00bb. El abogado de Carola Labrador, la mam\u00e1 de Candela Rodr\u00edguez, asegur\u00f3 esta ma\u00f1ana que el&hellip;<\/p>\n","protected":false},"author":1,"featured_media":0,"comment_status":"open","ping_status":"open","sticky":false,"template":"","format":"standard","meta":{"footnotes":""},"categories":[20],"tags":[501,363,7921,8324,4080,41,1932,8326,8325],"class_list":["post-17063","post","type-post","status-publish","format-standard","hentry","category-judiciales","tag-abogado","tag-asesinato","tag-candela-sol-rodriguez","tag-carola-labrador","tag-fernando-burlando","tag-justicia","tag-moron","tag-particular-damnificado","tag-personaje"],"_links":{"self":[{"href":"https:\/\/www.elsindical.com.ar\/notas\/wp-json\/wp\/v2\/posts\/17063","targetHints":{"allow":["GET"]}}],"collection":[{"href":"https:\/\/www.elsindical.com.ar\/notas\/wp-json\/wp\/v2\/posts"}],"about":[{"href":"https:\/\/www.elsindical.com.ar\/notas\/wp-json\/wp\/v2\/types\/post"}],"author":[{"embeddable":true,"href":"https:\/\/www.elsindical.com.ar\/notas\/wp-json\/wp\/v2\/users\/1"}],"replies":[{"embeddable":true,"href":"https:\/\/www.elsindical.com.ar\/notas\/wp-json\/wp\/v2\/comments?post=17063"}],"version-history":[{"count":2,"href":"https:\/\/www.elsindical.com.ar\/notas\/wp-json\/wp\/v2\/posts\/17063\/revisions"}],"predecessor-version":[{"id":17066,"href":"https:\/\/www.elsindical.com.ar\/notas\/wp-json\/wp\/v2\/posts\/17063\/revisions\/17066"}],"wp:attachment":[{"href":"https:\/\/www.elsindical.com.ar\/notas\/wp-json\/wp\/v2\/media?parent=17063"}],"wp:term":[{"taxonomy":"category","embeddable":true,"href":"https:\/\/www.elsindical.com.ar\/notas\/wp-json\/wp\/v2\/categories?post=17063"},{"taxonomy":"post_tag","embeddable":true,"href":"https:\/\/www.elsindical.com.ar\/notas\/wp-json\/wp\/v2\/tags?post=17063"}],"curies":[{"name":"wp","href":"https:\/\/api.w.org\/{rel}","templated":true}]}}