{"id":17005,"date":"2011-09-16T05:26:56","date_gmt":"2011-09-16T08:26:56","guid":{"rendered":"http:\/\/www.elsindical.com.ar\/notas\/?p=17005"},"modified":"2011-09-16T05:26:56","modified_gmt":"2011-09-16T08:26:56","slug":"piden-indagatoria-de-jaime-por-un-avion-de-4-millones-de-dolares","status":"publish","type":"post","link":"https:\/\/www.elsindical.com.ar\/notas\/piden-indagatoria-de-jaime-por-un-avion-de-4-millones-de-dolares\/","title":{"rendered":"Piden indagatoria de Jaime por un avi\u00f3n de 4 millones de d\u00f3lares"},"content":{"rendered":"<p style=\"text-align: justify;\"><em><a href=\"http:\/\/www.elsindical.com.ar\/notas\/var\/www\/html\/notas\/wp-content\/uploads\/2010\/04\/Ricardo-Jaime.jpg\"><img loading=\"lazy\" decoding=\"async\" class=\"alignleft size-full wp-image-5615\" title=\"Ricardo-Jaime\" src=\"http:\/\/www.elsindical.com.ar\/notas\/var\/www\/html\/notas\/wp-content\/uploads\/2010\/04\/Ricardo-Jaime.jpg\" alt=\"\" width=\"198\" height=\"219\" \/><\/a>El Fiscal federal Carlos R\u00edvolo solicit\u00f3 que el ex secretario de Transporte preste delaraci\u00f3n por presunto enriquecimiento il\u00edcito. <strong>No pudo justificar la compra de la aeronave.<\/strong><\/em><\/p>\n<p style=\"text-align: justify;\">El Fiscal federal <strong>Carlos R\u00edvolo<\/strong> pidi\u00f3 la declaraci\u00f3n indagatoria del <strong>ex secretario de Transportes de la Naci\u00f3n Ricardo Jaime por presunto enriquecimiento il\u00edcito<\/strong> en la compra de un avi\u00f3n Lear Jet valuado en cuatro millones de d\u00f3lares. R\u00edvolo hizo el pedido ante el Juez federal Norberto Oyarbide, al considerar que Jaime no logr\u00f3 hacer la justificaci\u00f3n de bienes que le hab\u00eda solicitado por el avi\u00f3n.<\/p>\n<p style=\"text-align: justify;\"><strong>El pedido de indagatoria se suma a otro similar que el Fiscal hab\u00eda hecho por otros presuntos bienes, como autos, terrenos y departamentos<\/strong>, que consider\u00f3 que el ex funcionario adquiri\u00f3 en su paso por la funci\u00f3n p\u00fablica y que no pudo justificar.<\/p>\n<p style=\"text-align: justify;\">Ahora Oyarbide deber\u00e1 resolver si cita a indagatoria a Jaime, a quien ya proces\u00f3 por recibir el pago de los alquileres de un departamento de parte de directivos de una empresa a la que deb\u00eda controlar.<\/p>\n<p style=\"text-align: justify;\">El Fiscal primero le solicit\u00f3 a Jaime la justificaci\u00f3n del Lear Jet 31 A, pero en su presentaci\u00f3n el ex secretario solo contest\u00f3 \u00abque no era de \u00e9l\u00bb, lo que a R\u00edvolo le pareci\u00f3 \u00abinsuficiente\u00bb, y pidi\u00f3 su indagatoria, seg\u00fan informaron los voceros.<\/p>\n<p><strong>El avi\u00f3n est\u00e1 a nombre del Bank of Utah y la operaci\u00f3n habr\u00eda sido monitoreada por el ex asesor de Jaime, Manuel V\u00e1zquez<\/strong>, ya que as\u00ed qued\u00f3 registrado en mails que ambos intercambiaron, a\u00f1adieron las fuentes. V\u00e1zquez tambi\u00e9n est\u00e1 imputado en la causa ya que se sospecha que habr\u00eda actuado como testaferro de Jaime.<\/p>\n<p style=\"text-align: justify;\">Cinco pilotos declararon que en la Justicia que llevaron a Jaime en distintas oportunidades a Brasil y C\u00f3rdoba, de donde es oriundo el ex funcionario.<\/p>\n<p><strong>Jaime fue procesado por Oyarbide por el delito de \u00abd\u00e1divas\u00bb <\/strong>por haber recibido las garant\u00edas y los pagos de los alquileres de dos departamentos de esta ciudad -en los que vivi\u00f3 mientras era funcionario- de parte de los directivos de la empresa TEBA, a la que deb\u00eda controlar y le extendi\u00f3 la concesi\u00f3n de la terminal de \u00f3mnibus de Retiro hasta 2014.<\/p>\n<p style=\"text-align: justify;\">Tambi\u00e9n Jaime fue elevado a juicio por d\u00e1divas por haber recibido pasajes de avi\u00f3n para viajar a C\u00f3rdoba, Brasil y Uruguay de parte de empresarios del sector cuyas funciones estaban bajo la \u00f3rbita de control de la Secretar\u00eda de Transporte.<\/p>\n<p style=\"text-align: justify;\">Jaime asumi\u00f3 ese cargo cuando <strong>N\u00e9stor Kirchner lleg\u00f3 a la Presidencia en mayo de 2003 y lo dej\u00f3 en junio de 2009, bajo el mandato de Cristina Fern\u00e1ndez de Kirchner<\/strong>, luego de que el oficialismo perdi\u00f3 las elecciones legislativas de ese a\u00f1o.<\/p>\n","protected":false},"excerpt":{"rendered":"<p>El Fiscal federal Carlos R\u00edvolo solicit\u00f3 que el ex secretario de Transporte preste delaraci\u00f3n por presunto enriquecimiento il\u00edcito. No pudo justificar la compra de la aeronave. El Fiscal federal Carlos R\u00edvolo pidi\u00f3 la declaraci\u00f3n indagatoria del ex secretario de Transportes de la Naci\u00f3n Ricardo Jaime por presunto enriquecimiento il\u00edcito en la compra de un avi\u00f3n&hellip;<\/p>\n","protected":false},"author":1,"featured_media":0,"comment_status":"open","ping_status":"open","sticky":false,"template":"","format":"standard","meta":{"footnotes":""},"categories":[20],"tags":[84,8300,5807,2867,2984],"class_list":["post-17005","post","type-post","status-publish","format-standard","hentry","category-judiciales","tag-cristina-kirchner","tag-fiscal-federal-carlos-rivolo","tag-juez-federal-norberto-oyarbide","tag-nestro-kirchner","tag-ricardo-jaime"],"_links":{"self":[{"href":"https:\/\/www.elsindical.com.ar\/notas\/wp-json\/wp\/v2\/posts\/17005","targetHints":{"allow":["GET"]}}],"collection":[{"href":"https:\/\/www.elsindical.com.ar\/notas\/wp-json\/wp\/v2\/posts"}],"about":[{"href":"https:\/\/www.elsindical.com.ar\/notas\/wp-json\/wp\/v2\/types\/post"}],"author":[{"embeddable":true,"href":"https:\/\/www.elsindical.com.ar\/notas\/wp-json\/wp\/v2\/users\/1"}],"replies":[{"embeddable":true,"href":"https:\/\/www.elsindical.com.ar\/notas\/wp-json\/wp\/v2\/comments?post=17005"}],"version-history":[{"count":1,"href":"https:\/\/www.elsindical.com.ar\/notas\/wp-json\/wp\/v2\/posts\/17005\/revisions"}],"predecessor-version":[{"id":17006,"href":"https:\/\/www.elsindical.com.ar\/notas\/wp-json\/wp\/v2\/posts\/17005\/revisions\/17006"}],"wp:attachment":[{"href":"https:\/\/www.elsindical.com.ar\/notas\/wp-json\/wp\/v2\/media?parent=17005"}],"wp:term":[{"taxonomy":"category","embeddable":true,"href":"https:\/\/www.elsindical.com.ar\/notas\/wp-json\/wp\/v2\/categories?post=17005"},{"taxonomy":"post_tag","embeddable":true,"href":"https:\/\/www.elsindical.com.ar\/notas\/wp-json\/wp\/v2\/tags?post=17005"}],"curies":[{"name":"wp","href":"https:\/\/api.w.org\/{rel}","templated":true}]}}