{"id":16998,"date":"2011-09-16T04:58:53","date_gmt":"2011-09-16T07:58:53","guid":{"rendered":"http:\/\/www.elsindical.com.ar\/notas\/?p=16998"},"modified":"2011-09-16T04:58:53","modified_gmt":"2011-09-16T07:58:53","slug":"la-legislatura-portena-aprobo-la-ampliacion-presupuestaria-para-este-ano","status":"publish","type":"post","link":"https:\/\/www.elsindical.com.ar\/notas\/la-legislatura-portena-aprobo-la-ampliacion-presupuestaria-para-este-ano\/","title":{"rendered":"La legislatura porte\u00f1a aprob\u00f3 la ampliaci\u00f3n presupuestaria para este a\u00f1o"},"content":{"rendered":"<p style=\"text-align: justify;\"><em><a href=\"http:\/\/www.elsindical.com.ar\/notas\/var\/www\/html\/notas\/wp-content\/uploads\/2010\/07\/Legislatura-porte\u00f1a-2.jpg\"><img loading=\"lazy\" decoding=\"async\" class=\"alignleft size-full wp-image-7981\" title=\"Legislatura-porte\u00f1a-2\" src=\"http:\/\/www.elsindical.com.ar\/notas\/var\/www\/html\/notas\/wp-content\/uploads\/2010\/07\/Legislatura-porte\u00f1a-2.jpg\" alt=\"\" width=\"255\" height=\"153\" \/><\/a>El Jefe de Gobierno logr\u00f3 ayer que los diputados le concedan una ampliaci\u00f3n del Presupuesto en curso en<strong> 1.190 millones de pesos,<\/strong> con el fin de <strong>saldar aumentos salariales<\/strong> a empleados estatales acordados en paritarias y afrontar una redeterminaci\u00f3n de precios en pagos a proveedores.<\/em><\/p>\n<p style=\"text-align: justify;\">Los legisladores de la Ciudad votaron en 43 votos a favor, seis en contra y tres abstenciones a prop\u00f3sito del pedido del titular del Gobierno porte\u00f1o para ampliar el Presupuesto del 2011.<\/p>\n<p style=\"text-align: justify;\">De esta manera, el titular del Ejecutivo obtuvo la segunda ley de \u00edndole econ\u00f3mica que forma parte de un paquete de proyectos requeridos al bloque macrista desde Bol\u00edvar 1 para que sea sancionado con urgencia antes de que finalice el a\u00f1o parlamentario y ocurra el recambio de la integraci\u00f3n de la c\u00e1mara.<\/p>\n<p style=\"text-align: justify;\">As\u00ed fue como la semana pasada, el PRO, con apoyo de algunos monobloques, logr\u00f3 destrabar una autorizaci\u00f3n del Parlamento para que la administraci\u00f3n local se endeude en 500 millones de d\u00f3lares para obras de infraestructura y para cancelar vencimientos del bono Tango.<\/p>\n<p style=\"text-align: justify;\">Asimismo, el bloque oficialista porte\u00f1o espera para las pr\u00f3ximas semanas el ingreso del proyecto de Presupuesto 2012 y tambi\u00e9n intentar\u00e1 colar antes de diciembre una modificaci\u00f3n en la Carta Org\u00e1nica del Banco Ciudad para incorporar 420 millones de las utilidades al Tesoro porte\u00f1o.<\/p>\n<p style=\"text-align: justify;\">Puntualmente, en la sesi\u00f3n ordinaria, los diputados debatieron el expediente 1824-J-2011, por el cual Macri propon\u00eda ampliar el C\u00e1lculo de Gastos y Recursos 2011 y que fue impulsado por el bloque del PRO y acompa\u00f1ado por el socialismo yla Coalici\u00f3n C\u00edvica.<\/p>\n<p style=\"text-align: justify;\">Asimismo, la oposici\u00f3n promovi\u00f3 un despacho de minor\u00eda en el marco dela Comisi\u00f3nde Presupuesto dela Legislaturaque ped\u00eda una extensi\u00f3n en el tiempo de debate del planteo del Ejecutivo antes de llegar al recinto.<\/p>\n<p style=\"text-align: justify;\">Puntualmente, el pedido del Ejecutivo indica que de los 1.190 millones de pesos de ampliaci\u00f3n, unos 207 millones estar\u00e1n \u00abdestinados a solventar la diferencia entre el monto originalmente presupuestado y el resultante de los aumentos salariales concedidos en el marco de las distintas convenciones paritarias celebradas\u00bb con los gremios que aglutinan a trabajadores del Estado porte\u00f1o.<\/p>\n<p style=\"text-align: justify;\">Adem\u00e1s, sostiene que \u00abde igual modo, debe darse soluci\u00f3n a distintos problemas crediticios, generados como consecuencia de los mayores costos de servicios e insumos esenciales para el cumplimiento de los programas\u00bb que dependen de los diversos ministerios.<\/p>\n<p style=\"text-align: justify;\">Al respecto, ejemplifica que \u00aben el \u00e1rea de Educaci\u00f3n las insuficiencias crediticias derivan de las redeterminaciones de precios de las obras en ejecuci\u00f3n, del encarecimiento de la provisi\u00f3n de leche, del transporte escolar, y sobre todo, de los servicios de comida\u00bb.<\/p>\n<p style=\"text-align: justify;\">Tambi\u00e9n, plantea que \u00abel impacto de los mayores costos en el servicio de recolecci\u00f3n de residuos a cargo del Ministerio de Ambiente y Espacio P\u00fablico\u00bb.<\/p>\n","protected":false},"excerpt":{"rendered":"<p>El Jefe de Gobierno logr\u00f3 ayer que los diputados le concedan una ampliaci\u00f3n del Presupuesto en curso en 1.190 millones de pesos, con el fin de saldar aumentos salariales a empleados estatales acordados en paritarias y afrontar una redeterminaci\u00f3n de precios en pagos a proveedores. Los legisladores de la Ciudad votaron en 43 votos a&hellip;<\/p>\n","protected":false},"author":1,"featured_media":0,"comment_status":"open","ping_status":"open","sticky":false,"template":"","format":"standard","meta":{"footnotes":""},"categories":[13],"tags":[8295,586,495,588,2697,8296,565],"class_list":["post-16998","post","type-post","status-publish","format-standard","hentry","category-politica","tag-aumento-presupuesto","tag-estatales","tag-jefe-de-gobierno","tag-legisladores","tag-pagos","tag-proveedores","tag-votacion"],"_links":{"self":[{"href":"https:\/\/www.elsindical.com.ar\/notas\/wp-json\/wp\/v2\/posts\/16998","targetHints":{"allow":["GET"]}}],"collection":[{"href":"https:\/\/www.elsindical.com.ar\/notas\/wp-json\/wp\/v2\/posts"}],"about":[{"href":"https:\/\/www.elsindical.com.ar\/notas\/wp-json\/wp\/v2\/types\/post"}],"author":[{"embeddable":true,"href":"https:\/\/www.elsindical.com.ar\/notas\/wp-json\/wp\/v2\/users\/1"}],"replies":[{"embeddable":true,"href":"https:\/\/www.elsindical.com.ar\/notas\/wp-json\/wp\/v2\/comments?post=16998"}],"version-history":[{"count":2,"href":"https:\/\/www.elsindical.com.ar\/notas\/wp-json\/wp\/v2\/posts\/16998\/revisions"}],"predecessor-version":[{"id":17000,"href":"https:\/\/www.elsindical.com.ar\/notas\/wp-json\/wp\/v2\/posts\/16998\/revisions\/17000"}],"wp:attachment":[{"href":"https:\/\/www.elsindical.com.ar\/notas\/wp-json\/wp\/v2\/media?parent=16998"}],"wp:term":[{"taxonomy":"category","embeddable":true,"href":"https:\/\/www.elsindical.com.ar\/notas\/wp-json\/wp\/v2\/categories?post=16998"},{"taxonomy":"post_tag","embeddable":true,"href":"https:\/\/www.elsindical.com.ar\/notas\/wp-json\/wp\/v2\/tags?post=16998"}],"curies":[{"name":"wp","href":"https:\/\/api.w.org\/{rel}","templated":true}]}}