{"id":16966,"date":"2011-09-15T00:51:59","date_gmt":"2011-09-15T03:51:59","guid":{"rendered":"http:\/\/www.elsindical.com.ar\/notas\/?p=16966"},"modified":"2011-09-15T00:51:59","modified_gmt":"2011-09-15T03:51:59","slug":"queja-de-fempinra-en-la-prefectura-naval","status":"publish","type":"post","link":"https:\/\/www.elsindical.com.ar\/notas\/queja-de-fempinra-en-la-prefectura-naval\/","title":{"rendered":"Queja de Fempinra en la Prefectura Naval"},"content":{"rendered":"<p style=\"text-align: justify;\"><em><a href=\"http:\/\/www.elsindical.com.ar\/notas\/var\/www\/html\/notas\/wp-content\/uploads\/2011\/09\/Prefecto-General-Oscar-Adol.jpg\"><img loading=\"lazy\" decoding=\"async\" class=\"alignleft size-full wp-image-16967\" title=\"Prefecto-General-Oscar-Adol\" src=\"http:\/\/www.elsindical.com.ar\/notas\/var\/www\/html\/notas\/wp-content\/uploads\/2011\/09\/Prefecto-General-Oscar-Adol.jpg\" alt=\"\" width=\"200\" height=\"243\" \/><\/a>El Prefecto General Oscar Adolfo Arce y el Consejo Directivo de la Federaci\u00f3n Mar\u00edtima, Portuaria y de la Industria Naval (FeMPINRA) se reunieron en la sede de la Prefectura Naval y analizaron en forma pormenorizada distintos aspectos de la navegaci\u00f3n en la Hidrov\u00eda Paran\u00e1-Paraguay, donde los gremialistas encabezados por su secretario general Cayo Ayala expusieron \u00ablos reclamos respecto de la necesidad de una navegaci\u00f3n m\u00e1s segura en la Hidrov\u00eda\u00bb.<\/em><\/p>\n<p style=\"text-align: justify;\">Vale recordar que esta es la segunda reuni\u00f3n que mantiene el Consejo Directivo de la Federaci\u00f3n (la anterior hab\u00eda sido ante el canciller H\u00e9ctor Timerman) con motivo del accidente ocurrido el 12 de agosto donde una colisi\u00f3n en aguas del r\u00edo Paraguay provoc\u00f3 cuatro v\u00edctimas y el derrame de hidrocarburos en la zona, lo que gener\u00f3 una denuncia p\u00fablica de las organizaciones mar\u00edtimas y portuarias argentinas.\u00a0\u00a0<\/p>\n<p style=\"text-align: justify;\">La Federaci\u00f3n \u2013 como lo viene haciendo sistem\u00e1ticamente &#8211;\u00a0 insisti\u00f3 en \u00abla necesidad de formular pol\u00edticas de mayor control y presencia nacional en las tratativas con los gobiernos de la regi\u00f3n\u00bb. Lo ocurrido en el litoral ratific\u00f3 \u00abla falta de seguridad, coordinaci\u00f3n y mayor regulaci\u00f3n en el tr\u00e1fico de barcazas, petroleros y remolcadores\u00bb y \u00ablas grandes asimetr\u00edas laborales, tributarias o de capacitaci\u00f3n entre las tripulaciones de las embarcaciones que surcan las aguas fluviales\u00bb.\u00a0\u00a0<\/p>\n<p style=\"text-align: justify;\">En el encuentro participaron\u00a0 los dirigentes gremiales Juan Carlos Pucci (Centro de Patrones y Oficiales Fluviales, de Pesca y Cabotaje Mar\u00edtimo); Santiago Ferradaz (Profesionales de Capitanes y Baqueanos Fluviales); Juan Carlos Schmid (Dragado y Balizamientoy Secretario Adjunto de la FeMPINRA) y Enrique Venturini (Electricistas Navales).<\/p>\n<p style=\"text-align: justify;\">Los gremios le solicitaron al prefecto Arce \u00abuna ronda permanente de evaluaci\u00f3n con todos los funcionarios del \u00e1rea\u00bb y advirtieron sobre \u00abla posibilidad cierta de conflictos en la Hidrov\u00eda si no se consigue una toma de decisi\u00f3n importante en este tema puntual\u00bb.<\/p>\n<p style=\"text-align: justify;\">\u00a0El Secretario Adjunto Juan Carlos Schmid inform\u00f3\u00a0 que \u00abel objeto de la Federaci\u00f3n es continuar abordando el tema de la seguridad de la navegaci\u00f3n\u00bb.y agreg\u00f3 que se est\u00e1n haciendo las gestiones para reunirse de manera sucesiva con los ministros de Planificaci\u00f3n Federal, Econom\u00eda, Defensa y Trabajo, Julio De Vido, Amado Boudou, Arturo Puricelli y Carlos Tomada, aunque se\u00f1al\u00f3 que a\u00fan no fueron fijadas las fechas.\u00a0\u00a0<\/p>\n<p style=\"text-align: justify;\">Juan Carlos Pucci, Secretario General del gremio directamente afectado e integrante del Consejo Directivo de la Federaci\u00f3n\u00a0 tambi\u00e9n subray\u00f3 que \u201cla seguridad de la navegabilidad en la Hidrov\u00eda ya motiv\u00f3 la intervenci\u00f3n de la Federaci\u00f3n Internacional del Transporte (ITF)\u201d, en la que est\u00e1n afiliados todos los sindicatos de la FeMPINRA.<\/p>\n<p style=\"text-align: justify;\">Cayo Ayala concluy\u00f3 se\u00f1alando que la organizaci\u00f3n procura resolver los problemas por la v\u00eda del di\u00e1logo y explic\u00f3 que \u00abse trata de un tema de orden pol\u00edtico y no reivindicativo\u00bb.<\/p>\n","protected":false},"excerpt":{"rendered":"<p>El Prefecto General Oscar Adolfo Arce y el Consejo Directivo de la Federaci\u00f3n Mar\u00edtima, Portuaria y de la Industria Naval (FeMPINRA) se reunieron en la sede de la Prefectura Naval y analizaron en forma pormenorizada distintos aspectos de la navegaci\u00f3n en la Hidrov\u00eda Paran\u00e1-Paraguay, donde los gremialistas encabezados por su secretario general Cayo Ayala expusieron&hellip;<\/p>\n","protected":false},"author":1,"featured_media":0,"comment_status":"open","ping_status":"open","sticky":false,"template":"","format":"standard","meta":{"footnotes":""},"categories":[25],"tags":[3798,8279,8278,8277,1526,5736],"class_list":["post-16966","post","type-post","status-publish","format-standard","hentry","category-sociedad","tag-fempinra","tag-hidrovia-parana-paraguay","tag-navegacion","tag-prefecto-general-oscar-adolfo-arce","tag-prefectura-naval-argentina","tag-queja"],"_links":{"self":[{"href":"https:\/\/www.elsindical.com.ar\/notas\/wp-json\/wp\/v2\/posts\/16966","targetHints":{"allow":["GET"]}}],"collection":[{"href":"https:\/\/www.elsindical.com.ar\/notas\/wp-json\/wp\/v2\/posts"}],"about":[{"href":"https:\/\/www.elsindical.com.ar\/notas\/wp-json\/wp\/v2\/types\/post"}],"author":[{"embeddable":true,"href":"https:\/\/www.elsindical.com.ar\/notas\/wp-json\/wp\/v2\/users\/1"}],"replies":[{"embeddable":true,"href":"https:\/\/www.elsindical.com.ar\/notas\/wp-json\/wp\/v2\/comments?post=16966"}],"version-history":[{"count":2,"href":"https:\/\/www.elsindical.com.ar\/notas\/wp-json\/wp\/v2\/posts\/16966\/revisions"}],"predecessor-version":[{"id":16969,"href":"https:\/\/www.elsindical.com.ar\/notas\/wp-json\/wp\/v2\/posts\/16966\/revisions\/16969"}],"wp:attachment":[{"href":"https:\/\/www.elsindical.com.ar\/notas\/wp-json\/wp\/v2\/media?parent=16966"}],"wp:term":[{"taxonomy":"category","embeddable":true,"href":"https:\/\/www.elsindical.com.ar\/notas\/wp-json\/wp\/v2\/categories?post=16966"},{"taxonomy":"post_tag","embeddable":true,"href":"https:\/\/www.elsindical.com.ar\/notas\/wp-json\/wp\/v2\/tags?post=16966"}],"curies":[{"name":"wp","href":"https:\/\/api.w.org\/{rel}","templated":true}]}}