{"id":16902,"date":"2011-09-13T19:52:41","date_gmt":"2011-09-13T22:52:41","guid":{"rendered":"http:\/\/www.elsindical.com.ar\/notas\/?p=16902"},"modified":"2011-09-13T19:53:53","modified_gmt":"2011-09-13T22:53:53","slug":"santiago-del-esterocomenzo-juicio-oral-a-violador-de-su-hermana-menor-y-de-su-propia-madre","status":"publish","type":"post","link":"https:\/\/www.elsindical.com.ar\/notas\/santiago-del-esterocomenzo-juicio-oral-a-violador-de-su-hermana-menor-y-de-su-propia-madre\/","title":{"rendered":"Santiago del Estero:Comenz\u00f3 juicio oral a violador de su hermana menor y de su propia madre"},"content":{"rendered":"<p style=\"text-align: justify;\"><em><a href=\"http:\/\/www.elsindical.com.ar\/notas\/var\/www\/html\/notas\/wp-content\/uploads\/2011\/09\/violador-a-jucio-oral-Stgo.jpg\"><img loading=\"lazy\" decoding=\"async\" class=\"alignleft size-medium wp-image-16903\" title=\"violador-a-jucio-oral-Stgo\" src=\"http:\/\/www.elsindical.com.ar\/notas\/var\/www\/html\/notas\/wp-content\/uploads\/2011\/09\/violador-a-jucio-oral-Stgo-300x199.jpg\" alt=\"\" width=\"300\" height=\"199\" srcset=\"https:\/\/www.elsindical.com.ar\/notas\/var\/www\/html\/notas\/wp-content\/uploads\/2011\/09\/violador-a-jucio-oral-Stgo-300x199.jpg 300w, https:\/\/www.elsindical.com.ar\/notas\/var\/www\/html\/notas\/wp-content\/uploads\/2011\/09\/violador-a-jucio-oral-Stgo.jpg 413w\" sizes=\"auto, (max-width: 300px) 100vw, 300px\" \/><\/a>El sujeto, que comenz\u00f3 a ser enjuiciado de manera oral en Santiago del Estero, abus\u00f3 de la chica durante 9 a\u00f1os y de su mam\u00e1, que tiene las facultades alteradas, tambi\u00e9n durante extenso lapso.<\/em><\/p>\n<p style=\"text-align: justify;\">Un jornalero, que est\u00e1 acusado de haber abusado sexualmente de su hermana menor durante nueve a\u00f1os y tambi\u00e9n a su madre no vidente, comenz\u00f3 a ser enjuiciado de manera oral en la C\u00e1mara del Crimen de Primera Nominaci\u00f3n de Santiago del Estero.<\/p>\n<p style=\"text-align: justify;\">La investigaci\u00f3n se inici\u00f3 el 15 de enero de 2009, cuando la damnificada que ten\u00eda entonces 20 a\u00f1os, se present\u00f3 con un t\u00edo en la Fiscal\u00eda del Crimen de Segunda Nominaci\u00f3n.<\/p>\n<p style=\"text-align: justify;\">Ante la fiscala <strong>A\u00edda Farr\u00e1n Serl\u00e9<\/strong> relat\u00f3 las penurias que vivi\u00f3 durante casi una d\u00e9cada y que recurr\u00eda a ella porque no estaba dispuesta a continuar con ese calvario. La denunciante cont\u00f3 que los ataques sexuales comenzaron cuando ella ten\u00eda 11 a\u00f1os y prolongaron en el tiempo bajo amenazas. Una de ellas era que si revelaba la relaci\u00f3n incestuosa la matar\u00eda o que iba a echarle agua hirviendo.<\/p>\n<p style=\"text-align: justify;\">De acuerdo a lo que publica el diario<em> El Liberal<\/em>, seg\u00fan se supo, los hermanos viv\u00edan en una humilde vivienda del paraje Aver\u00edas (departamento Figueroa), junto a su madre que es invidente.<\/p>\n<p style=\"text-align: justify;\">Para dar curso a su denuncia, recurri\u00f3 a unos t\u00edos que viven en esta capital, donde se aloj\u00f3 mientras se le realizaron los estudios y pericias en el Cuerpo M\u00e9dico Forense.<\/p>\n<p style=\"text-align: justify;\">Pero sus penurias no finalizaron en ese momento, sino que al volver a su hogar materno, su hermano la viol\u00f3 una vez m\u00e1s cuando se enter\u00f3 que lo hab\u00eda denunciado, seg\u00fan expres\u00f3 la damnificada.<\/p>\n<p style=\"text-align: justify;\">En la apertura del debate, el procesado por abuso sexual con acceso carnal calificado por el v\u00ednculo, se abstuvo de declarar. Pero durante la instrucci\u00f3n del expediente hab\u00eda rechazado las acusaciones, al afirmar que su hermana sol\u00eda ir a los bailes y que hab\u00eda tenido m\u00e1s de un novio.<\/p>\n<p style=\"text-align: justify;\"><strong>Tambi\u00e9n la madre<\/strong><\/p>\n<p style=\"text-align: justify;\">Al efectuar la denuncia penal, la joven \u2013que presenta un leve retraso mental, informaron los especialistas que la evaluaron- afirm\u00f3 que su hermano tambi\u00e9n hab\u00eda sometido a sus bajos instintos a la madre de ambos, quien es ciega. Sin embargo, esa situaci\u00f3n no fue motivo de investigaci\u00f3n y por ende tampoco forma parte del eje del debate oral.<\/p>\n","protected":false},"excerpt":{"rendered":"<p>El sujeto, que comenz\u00f3 a ser enjuiciado de manera oral en Santiago del Estero, abus\u00f3 de la chica durante 9 a\u00f1os y de su mam\u00e1, que tiene las facultades alteradas, tambi\u00e9n durante extenso lapso. Un jornalero, que est\u00e1 acusado de haber abusado sexualmente de su hermana menor durante nueve a\u00f1os y tambi\u00e9n a su madre&hellip;<\/p>\n","protected":false},"author":1,"featured_media":0,"comment_status":"open","ping_status":"open","sticky":false,"template":"","format":"standard","meta":{"footnotes":""},"categories":[20],"tags":[3344,8250,5645,8248,516,921,8249,1478,539],"class_list":["post-16902","post","type-post","status-publish","format-standard","hentry","category-judiciales","tag-abusos","tag-ciega","tag-hermana","tag-jornalero","tag-juicio-oral","tag-madre","tag-retraso-mental","tag-santiago-del-estero","tag-violador"],"_links":{"self":[{"href":"https:\/\/www.elsindical.com.ar\/notas\/wp-json\/wp\/v2\/posts\/16902","targetHints":{"allow":["GET"]}}],"collection":[{"href":"https:\/\/www.elsindical.com.ar\/notas\/wp-json\/wp\/v2\/posts"}],"about":[{"href":"https:\/\/www.elsindical.com.ar\/notas\/wp-json\/wp\/v2\/types\/post"}],"author":[{"embeddable":true,"href":"https:\/\/www.elsindical.com.ar\/notas\/wp-json\/wp\/v2\/users\/1"}],"replies":[{"embeddable":true,"href":"https:\/\/www.elsindical.com.ar\/notas\/wp-json\/wp\/v2\/comments?post=16902"}],"version-history":[{"count":3,"href":"https:\/\/www.elsindical.com.ar\/notas\/wp-json\/wp\/v2\/posts\/16902\/revisions"}],"predecessor-version":[{"id":16905,"href":"https:\/\/www.elsindical.com.ar\/notas\/wp-json\/wp\/v2\/posts\/16902\/revisions\/16905"}],"wp:attachment":[{"href":"https:\/\/www.elsindical.com.ar\/notas\/wp-json\/wp\/v2\/media?parent=16902"}],"wp:term":[{"taxonomy":"category","embeddable":true,"href":"https:\/\/www.elsindical.com.ar\/notas\/wp-json\/wp\/v2\/categories?post=16902"},{"taxonomy":"post_tag","embeddable":true,"href":"https:\/\/www.elsindical.com.ar\/notas\/wp-json\/wp\/v2\/tags?post=16902"}],"curies":[{"name":"wp","href":"https:\/\/api.w.org\/{rel}","templated":true}]}}