{"id":16871,"date":"2011-09-13T00:28:16","date_gmt":"2011-09-13T03:28:16","guid":{"rendered":"http:\/\/www.elsindical.com.ar\/notas\/?p=16871"},"modified":"2011-09-13T00:28:16","modified_gmt":"2011-09-13T03:28:16","slug":"fallo-ordena-reincorporar-a-delegado-de-ate-en-el-colon","status":"publish","type":"post","link":"https:\/\/www.elsindical.com.ar\/notas\/fallo-ordena-reincorporar-a-delegado-de-ate-en-el-colon\/","title":{"rendered":"Fallo ordena reincorporar a delegado de ATE en el Col\u00f3n"},"content":{"rendered":"<p style=\"text-align: justify;\"><em><a href=\"http:\/\/www.elsindical.com.ar\/notas\/var\/www\/html\/notas\/wp-content\/uploads\/2011\/08\/Pedro-Garc\u00eda-Caffi-declarac.jpg\"><img loading=\"lazy\" decoding=\"async\" class=\"alignleft size-medium wp-image-16326\" title=\"Pedro-Garc\u00eda-Caffi-declarac\" src=\"http:\/\/www.elsindical.com.ar\/notas\/var\/www\/html\/notas\/wp-content\/uploads\/2011\/08\/Pedro-Garc\u00eda-Caffi-declarac-300x175.jpg\" alt=\"\" width=\"300\" height=\"175\" srcset=\"https:\/\/www.elsindical.com.ar\/notas\/var\/www\/html\/notas\/wp-content\/uploads\/2011\/08\/Pedro-Garc\u00eda-Caffi-declarac-300x175.jpg 300w, https:\/\/www.elsindical.com.ar\/notas\/var\/www\/html\/notas\/wp-content\/uploads\/2011\/08\/Pedro-Garc\u00eda-Caffi-declarac.jpg 325w\" sizes=\"auto, (max-width: 300px) 100vw, 300px\" \/><\/a>La conducci\u00f3n porte\u00f1a de la Asociaci\u00f3n Trabajadores del Estado (ATE), que encabeza Rodolfo Arrechea, inform\u00f3 hoy que \u00abla justicia reincorpor\u00f3 a un trabajador paritario del Teatro Col\u00f3n\u00bb, cesanteado hace casi dos semanas por el director general de ese ente aut\u00e1rquico, Pedro Garc\u00eda Caffi.<\/em><\/p>\n<p style=\"text-align: justify;\">Un comunicado firmado por Luis Opromolla y Daniel Catalano, secretarios adjunto y administrativo, indic\u00f3 que el gremio convoc\u00f3 para las 13 de ma\u00f1ana a una conferencia de prensa frente a las puertas del teatro para explicar los alcances del fallo judicial.<\/p>\n<p style=\"text-align: justify;\">La jueza Yolanda Scheidegger, del juzgado nacional laboral 28, dict\u00f3 una medida cautelar de reconocimiento de los fueros gremiales del trabajador Carlos Fern\u00e1ndez y orden\u00f3 su inmediata reincorporaci\u00f3n a sus tareas habituales en el Col\u00f3n.<\/p>\n<p style=\"text-align: justify;\">De esta forma, la magistrada retrotray\u00f3 la situaci\u00f3n laboral, administrativa y salarial al momento anterior a su cesant\u00eda.<\/p>\n<p style=\"text-align: justify;\">\u00abEste nuevo triunfo de los trabajadores del Col\u00f3n pone de manifiesto la irracional, ilegal y persecutoria actitud que, de forma sistem\u00e1tica, despliega el director general del ente aut\u00e1rquico Teatro Col\u00f3n (EATC), Pedro Garc\u00eda Caffi, en perjuicio del personal, y se\u00f1ala los l\u00edmites precisos y justos que contin\u00faa marc\u00e1ndole la justicia a ese funcionario\u00bb, indic\u00f3 la ATE.<\/p>\n<p style=\"text-align: justify;\">Los sindicalistas se\u00f1alaron que Garc\u00eda Caffi procura \u00abamedrentar y sembrar el terror\u00bb y, en ese sentido, \u00abimpide de manera personal el acceso a determinados espacios del edificio, amenazando a trabajadores de forma verbal por los pasillos y pretendiendo regular sin aval legal y jur\u00eddico la actividad gremial\u00bb.<\/p>\n<p style=\"text-align: justify;\">A partir del fallo judicial Fern\u00e1ndez, paritario de la ATE, se reincorporar\u00e1 a sus tareas en la orquesta estable.<\/p>\n<p style=\"text-align: justify;\">El gremio concluy\u00f3 afirmando que \u00abGarc\u00eda Caffi y el Jefe de Gobierno porte\u00f1o, Mauricio Macri, deber\u00e1n aprender la lecci\u00f3n en el sentido de que no existe porcentaje electoral que garantice la impunidad, el abuso y el acoso\u00bb, y que \u00ablos derechos de los trabajadores pueden defenderse gremial, pol\u00edtica y jur\u00eddicamente\u00bb.<\/p>\n","protected":false},"excerpt":{"rendered":"<p>La conducci\u00f3n porte\u00f1a de la Asociaci\u00f3n Trabajadores del Estado (ATE), que encabeza Rodolfo Arrechea, inform\u00f3 hoy que \u00abla justicia reincorpor\u00f3 a un trabajador paritario del Teatro Col\u00f3n\u00bb, cesanteado hace casi dos semanas por el director general de ese ente aut\u00e1rquico, Pedro Garc\u00eda Caffi. Un comunicado firmado por Luis Opromolla y Daniel Catalano, secretarios adjunto y&hellip;<\/p>\n","protected":false},"author":1,"featured_media":0,"comment_status":"open","ping_status":"open","sticky":false,"template":"","format":"standard","meta":{"footnotes":""},"categories":[16],"tags":[290,523,6856,41,5285,6481,2083],"class_list":["post-16871","post","type-post","status-publish","format-standard","hentry","category-gremiales","tag-ate","tag-delegado","tag-despedido","tag-justicia","tag-pedro-garcia-caffi","tag-rodolfo-arrechea","tag-teatro-colon"],"_links":{"self":[{"href":"https:\/\/www.elsindical.com.ar\/notas\/wp-json\/wp\/v2\/posts\/16871","targetHints":{"allow":["GET"]}}],"collection":[{"href":"https:\/\/www.elsindical.com.ar\/notas\/wp-json\/wp\/v2\/posts"}],"about":[{"href":"https:\/\/www.elsindical.com.ar\/notas\/wp-json\/wp\/v2\/types\/post"}],"author":[{"embeddable":true,"href":"https:\/\/www.elsindical.com.ar\/notas\/wp-json\/wp\/v2\/users\/1"}],"replies":[{"embeddable":true,"href":"https:\/\/www.elsindical.com.ar\/notas\/wp-json\/wp\/v2\/comments?post=16871"}],"version-history":[{"count":1,"href":"https:\/\/www.elsindical.com.ar\/notas\/wp-json\/wp\/v2\/posts\/16871\/revisions"}],"predecessor-version":[{"id":16872,"href":"https:\/\/www.elsindical.com.ar\/notas\/wp-json\/wp\/v2\/posts\/16871\/revisions\/16872"}],"wp:attachment":[{"href":"https:\/\/www.elsindical.com.ar\/notas\/wp-json\/wp\/v2\/media?parent=16871"}],"wp:term":[{"taxonomy":"category","embeddable":true,"href":"https:\/\/www.elsindical.com.ar\/notas\/wp-json\/wp\/v2\/categories?post=16871"},{"taxonomy":"post_tag","embeddable":true,"href":"https:\/\/www.elsindical.com.ar\/notas\/wp-json\/wp\/v2\/tags?post=16871"}],"curies":[{"name":"wp","href":"https:\/\/api.w.org\/{rel}","templated":true}]}}