{"id":16778,"date":"2011-09-09T00:53:39","date_gmt":"2011-09-09T03:53:39","guid":{"rendered":"http:\/\/www.elsindical.com.ar\/notas\/?p=16778"},"modified":"2011-09-09T00:53:39","modified_gmt":"2011-09-09T03:53:39","slug":"la-legislatura-portena-aprobo-un-emprestito-publico-de-500-millones-de-dolares","status":"publish","type":"post","link":"https:\/\/www.elsindical.com.ar\/notas\/la-legislatura-portena-aprobo-un-emprestito-publico-de-500-millones-de-dolares\/","title":{"rendered":"La Legislatura porte\u00f1a aprob\u00f3 un empr\u00e9stito p\u00fablico de 500 millones de d\u00f3lares"},"content":{"rendered":"<p style=\"text-align: justify;\"><em><a href=\"http:\/\/www.elsindical.com.ar\/notas\/var\/www\/html\/notas\/wp-content\/uploads\/2010\/06\/Legislatura-porte\u00f1a-2.jpg\"><img loading=\"lazy\" decoding=\"async\" class=\"alignleft size-full wp-image-7248\" title=\"Legislatura-porte\u00f1a-2\" src=\"http:\/\/www.elsindical.com.ar\/notas\/var\/www\/html\/notas\/wp-content\/uploads\/2010\/06\/Legislatura-porte\u00f1a-2.jpg\" alt=\"\" width=\"255\" height=\"153\" \/><\/a>Seg\u00fan la norma aprobada, <strong>el gobierno porte\u00f1o deber\u00e1 destinar lo obtenido de la emisi\u00f3n de los T\u00edtulos hasta 300 millones de d\u00f3lares a la renovaci\u00f3n de vencimientos de la deuda<\/strong>. En tanto, los<strong>200 millones de d\u00f3lares restantes se dedicar\u00e1n a la inversi\u00f3n en infraestructura.<\/strong><\/em><\/p>\n<p style=\"text-align: justify;\">El cuerpo legislativo aval\u00f3 ayer por la\u00a0noche la propuesta enviada por la administraci\u00f3n de Mauricio Macri con 34 votos a favor, 19 negativos y tres abstenciones.<\/p>\n<p style=\"text-align: justify;\">Los bloques Encuentro Porte\u00f1o, Partido Socialista, Uni\u00f3n Federal y algunos legisladores de la Coalici\u00f3n C\u00edvica apoyaron a los diputados de PRO que defendieron la iniciativa en el recinto.<\/p>\n<p style=\"text-align: justify;\">Por su parte, en contra del proyecto votaron los representantes de Encuentro Popular parala Victoria, Di\u00e1logo por Buenos Aires, Proyecto Sur, Peronista, Nuevo Encuentro, Igualdad Social, SI y MST.<\/p>\n<p style=\"text-align: justify;\">En tanto, se abstuvieron al momento de la votaci\u00f3n los legisladores Sergio Abrevaya, Roc\u00edo S\u00e1nchez And\u00eda y Diana Maff\u00eda, de Coalici\u00f3n C\u00edvica.<\/p>\n<p style=\"text-align: justify;\">El empr\u00e9stito deber\u00e1 ser emitido en d\u00f3lares estadounidenses, en otra u otras monedas que se determine al momento de la fijaci\u00f3n del rendimiento de los T\u00edtulos, resalt\u00f3 el texto aprobado.<\/p>\n<p style=\"text-align: justify;\">La diputada de PRO Karina Spalla defendi\u00f3 la iniciativa al decir que el gobierno de Mauricio Macri \u00abtuvo que pagar\u00bb, al asumir la gesti\u00f3n, una deuda contra\u00edda anteriormente, por lo que \u00abdurante los dos primeros a\u00f1os la Ciudad se vio impedida de acceder al mercado de capitales\u00bb.<\/p>\n<p style=\"text-align: justify;\">El empr\u00e9stito, seg\u00fan la legisladora, ser\u00e1 utilizado para la construcci\u00f3n de obras en villas, viviendas y la recuperaci\u00f3n de conventillos.<\/p>\n","protected":false},"excerpt":{"rendered":"<p>Seg\u00fan la norma aprobada, el gobierno porte\u00f1o deber\u00e1 destinar lo obtenido de la emisi\u00f3n de los T\u00edtulos hasta 300 millones de d\u00f3lares a la renovaci\u00f3n de vencimientos de la deuda. En tanto, los200 millones de d\u00f3lares restantes se dedicar\u00e1n a la inversi\u00f3n en infraestructura. El cuerpo legislativo aval\u00f3 ayer por la\u00a0noche la propuesta enviada por&hellip;<\/p>\n","protected":false},"author":1,"featured_media":0,"comment_status":"open","ping_status":"open","sticky":false,"template":"","format":"standard","meta":{"footnotes":""},"categories":[13],"tags":[8193,8192,449,765,2697,328,565],"class_list":["post-16778","post","type-post","status-publish","format-standard","hentry","category-politica","tag-500-millones-de-dolares","tag-endeudamiento","tag-legislatura","tag-obras","tag-pagos","tag-pro","tag-votacion"],"_links":{"self":[{"href":"https:\/\/www.elsindical.com.ar\/notas\/wp-json\/wp\/v2\/posts\/16778","targetHints":{"allow":["GET"]}}],"collection":[{"href":"https:\/\/www.elsindical.com.ar\/notas\/wp-json\/wp\/v2\/posts"}],"about":[{"href":"https:\/\/www.elsindical.com.ar\/notas\/wp-json\/wp\/v2\/types\/post"}],"author":[{"embeddable":true,"href":"https:\/\/www.elsindical.com.ar\/notas\/wp-json\/wp\/v2\/users\/1"}],"replies":[{"embeddable":true,"href":"https:\/\/www.elsindical.com.ar\/notas\/wp-json\/wp\/v2\/comments?post=16778"}],"version-history":[{"count":1,"href":"https:\/\/www.elsindical.com.ar\/notas\/wp-json\/wp\/v2\/posts\/16778\/revisions"}],"predecessor-version":[{"id":16779,"href":"https:\/\/www.elsindical.com.ar\/notas\/wp-json\/wp\/v2\/posts\/16778\/revisions\/16779"}],"wp:attachment":[{"href":"https:\/\/www.elsindical.com.ar\/notas\/wp-json\/wp\/v2\/media?parent=16778"}],"wp:term":[{"taxonomy":"category","embeddable":true,"href":"https:\/\/www.elsindical.com.ar\/notas\/wp-json\/wp\/v2\/categories?post=16778"},{"taxonomy":"post_tag","embeddable":true,"href":"https:\/\/www.elsindical.com.ar\/notas\/wp-json\/wp\/v2\/tags?post=16778"}],"curies":[{"name":"wp","href":"https:\/\/api.w.org\/{rel}","templated":true}]}}