{"id":16771,"date":"2011-09-09T00:23:36","date_gmt":"2011-09-09T03:23:36","guid":{"rendered":"http:\/\/www.elsindical.com.ar\/notas\/?p=16771"},"modified":"2011-09-09T00:23:36","modified_gmt":"2011-09-09T03:23:36","slug":"metrodelegados-denuncian-tambien-problemas-cervicales","status":"publish","type":"post","link":"https:\/\/www.elsindical.com.ar\/notas\/metrodelegados-denuncian-tambien-problemas-cervicales\/","title":{"rendered":"Metrodelegados denuncian tambi\u00e9n problemas cervicales"},"content":{"rendered":"<p style=\"text-align: justify;\"><em><a href=\"http:\/\/www.elsindical.com.ar\/notas\/var\/www\/html\/notas\/wp-content\/uploads\/2011\/09\/subte-SUBE.jpg\"><img loading=\"lazy\" decoding=\"async\" class=\"alignleft size-medium wp-image-16772\" title=\"subte-SUBE\" src=\"http:\/\/www.elsindical.com.ar\/notas\/var\/www\/html\/notas\/wp-content\/uploads\/2011\/09\/subte-SUBE-300x175.jpg\" alt=\"\" width=\"300\" height=\"175\" srcset=\"https:\/\/www.elsindical.com.ar\/notas\/var\/www\/html\/notas\/wp-content\/uploads\/2011\/09\/subte-SUBE-300x175.jpg 300w, https:\/\/www.elsindical.com.ar\/notas\/var\/www\/html\/notas\/wp-content\/uploads\/2011\/09\/subte-SUBE.jpg 413w\" sizes=\"auto, (max-width: 300px) 100vw, 300px\" \/><\/a>El trabajador del taller San Jos\u00e9 y delegado de la l\u00ednea C subterr\u00e1neos, Mat\u00edas Cisneros acus\u00f3 a la presidenta de la Naci\u00f3n de instalar una \u00abcortina de humo\u00bb con el caso de la tendinitis y denunci\u00f3 que adem\u00e1s de esa enfermedad profesional, la recarga del SUBE le produce a los boleteros problemas cervicales.<\/em><\/p>\n<p style=\"text-align: justify;\">\u00abQuien hace 20 flexiones de brazos en un minuto y luego hace 80 y eso se vuelve una constante, el m\u00fasculo se fatiga\u00bb, explic\u00f3 Cisneros, quien asegur\u00f3 que \u00abel volumen de tarjetas SUBE se ha cuadrupliado en seis meses y no se ha incorporado personal para poder compensar\u00bb.<\/p>\n<p style=\"text-align: justify;\">El trabajador asegur\u00f3 que existen \u00ab40 certificados m\u00e9dicos de distintos hospitales que dicen que esta tarea genera tendinitis\u00bb y tambi\u00e9n denunci\u00f3 que \u00abadem\u00e1s le genera problemas cervicales a los boleteros por aumento de productividad\u00bb.<\/p>\n<p style=\"text-align: justify;\">Cisneros se\u00f1al\u00f3 que \u00abesto pasa por la flexibilidad laboral a la que estamos sometidos los trabajadores\u00bb.<\/p>\n<p style=\"text-align: justify;\">En relaci\u00f3n a los dichos de Cristina Fern\u00e1ndez por cadena nacional, Cisneros explic\u00f3 por radio El Mundo que \u00abagarr\u00e1ndose de la tendinitis, la Presidenta oculta, hace una cortina de humo\u00bb.<\/p>\n<p style=\"text-align: justify;\">Seg\u00fan el delegado, la Presidenta no ha dicho que la tarjeta SUBE ha permitido verificar que 30% de los pasajeros \u00abno merecen el subsidio\u00bb, a partir de los datos que se obtuvieron a manera de \u00abcenso\u00bb con la venta de la primera tarjeta.<\/p>\n<p style=\"text-align: justify;\">Por lo tanto, seg\u00fan Cisneros, \u00abesto apunta a subir el boleto, mayor flexibilizaci\u00f3n de los trabajadores o algo que la Presidenta no tiene en su agenda, que es que Metrov\u00edas es una empresa parasitaria que recibe subsidios del Estado para gerenciar los servicios\u00bb.<\/p>\n<p style=\"text-align: justify;\">El trabajador se\u00f1al\u00f3 tambi\u00e9n que los metrodelagados pudieron haberse \u00abequivocado en alguna declaraci\u00f3n, pero yo mismo he hablado por dos radios y la Presidenta habl\u00f3 por cadena nacional y eso vuelca a la opini\u00f3n p\u00fablica y nos pone a la gente en contra y a favor de la empresa\u00bb.<\/p>\n","protected":false},"excerpt":{"rendered":"<p>El trabajador del taller San Jos\u00e9 y delegado de la l\u00ednea C subterr\u00e1neos, Mat\u00edas Cisneros acus\u00f3 a la presidenta de la Naci\u00f3n de instalar una \u00abcortina de humo\u00bb con el caso de la tendinitis y denunci\u00f3 que adem\u00e1s de esa enfermedad profesional, la recarga del SUBE le produce a los boleteros problemas cervicales. \u00abQuien hace&hellip;<\/p>\n","protected":false},"author":1,"featured_media":0,"comment_status":"open","ping_status":"open","sticky":false,"template":"","format":"standard","meta":{"footnotes":""},"categories":[16],"tags":[3374,2052,8187,8186,348,8188,125],"class_list":["post-16771","post","type-post","status-publish","format-standard","hentry","category-gremiales","tag-boleteros","tag-linea-c","tag-problemas-cervicales","tag-sube","tag-subterraneos","tag-tendinitis","tag-trabajadores"],"_links":{"self":[{"href":"https:\/\/www.elsindical.com.ar\/notas\/wp-json\/wp\/v2\/posts\/16771","targetHints":{"allow":["GET"]}}],"collection":[{"href":"https:\/\/www.elsindical.com.ar\/notas\/wp-json\/wp\/v2\/posts"}],"about":[{"href":"https:\/\/www.elsindical.com.ar\/notas\/wp-json\/wp\/v2\/types\/post"}],"author":[{"embeddable":true,"href":"https:\/\/www.elsindical.com.ar\/notas\/wp-json\/wp\/v2\/users\/1"}],"replies":[{"embeddable":true,"href":"https:\/\/www.elsindical.com.ar\/notas\/wp-json\/wp\/v2\/comments?post=16771"}],"version-history":[{"count":2,"href":"https:\/\/www.elsindical.com.ar\/notas\/wp-json\/wp\/v2\/posts\/16771\/revisions"}],"predecessor-version":[{"id":16774,"href":"https:\/\/www.elsindical.com.ar\/notas\/wp-json\/wp\/v2\/posts\/16771\/revisions\/16774"}],"wp:attachment":[{"href":"https:\/\/www.elsindical.com.ar\/notas\/wp-json\/wp\/v2\/media?parent=16771"}],"wp:term":[{"taxonomy":"category","embeddable":true,"href":"https:\/\/www.elsindical.com.ar\/notas\/wp-json\/wp\/v2\/categories?post=16771"},{"taxonomy":"post_tag","embeddable":true,"href":"https:\/\/www.elsindical.com.ar\/notas\/wp-json\/wp\/v2\/tags?post=16771"}],"curies":[{"name":"wp","href":"https:\/\/api.w.org\/{rel}","templated":true}]}}