{"id":16755,"date":"2011-09-08T12:12:15","date_gmt":"2011-09-08T15:12:15","guid":{"rendered":"http:\/\/www.elsindical.com.ar\/notas\/?p=16755"},"modified":"2011-09-08T12:12:15","modified_gmt":"2011-09-08T15:12:15","slug":"quilmesdetuvieron-a-jugador-de-racing-club-por-homicidio","status":"publish","type":"post","link":"https:\/\/www.elsindical.com.ar\/notas\/quilmesdetuvieron-a-jugador-de-racing-club-por-homicidio\/","title":{"rendered":"Quilmes:Detuvieron a jugador de Racing Club por homicidio"},"content":{"rendered":"<p style=\"text-align: justify;\"><em><a href=\"http:\/\/www.elsindical.com.ar\/notas\/var\/www\/html\/notas\/wp-content\/uploads\/2011\/09\/Brian-Risso-Patr\u00f3n.jpg\"><img loading=\"lazy\" decoding=\"async\" class=\"alignleft size-full wp-image-16756\" title=\"Brian-Risso-Patr\u00f3n\" src=\"http:\/\/www.elsindical.com.ar\/notas\/var\/www\/html\/notas\/wp-content\/uploads\/2011\/09\/Brian-Risso-Patr\u00f3n.jpg\" alt=\"\" width=\"266\" height=\"266\" srcset=\"https:\/\/www.elsindical.com.ar\/notas\/var\/www\/html\/notas\/wp-content\/uploads\/2011\/09\/Brian-Risso-Patr\u00f3n.jpg 266w, https:\/\/www.elsindical.com.ar\/notas\/var\/www\/html\/notas\/wp-content\/uploads\/2011\/09\/Brian-Risso-Patr\u00f3n-150x150.jpg 150w\" sizes=\"auto, (max-width: 266px) 100vw, 266px\" \/><\/a>Se le imputa un hecho cometido el pasado 13 de agosto en un local bailable de La Ca\u00f1ada.<\/em><\/p>\n<p style=\"text-align: justify;\">Un jugador de f\u00fatbol de Racing Club fue detenido por un homicidio cometido el mes pasado en la localidad bonaerense de La Ca\u00f1ada, del partido de Quilmes, durante una pelea entre integrantes de dos grupos antag\u00f3nicos de la zona.<\/p>\n<p>La polic\u00eda identific\u00f3 al deportista apresado como Brian Risso Patr\u00f3n (18), futbolista\u00a0e \u00a0integrante del plantel de Reserva y cuarta divisi\u00f3n de Racing Club.<\/p>\n<p>El hecho que se le imputa al deportista fue cometido el 13 de agosto pasado cerca del local bailable \u00abLa Cantina de La Ca\u00f1ada\u00bb donde -seg\u00fan lo informado oportunamente- se enfrentaron dos grupos de j\u00f3venes.<\/p>\n<p>La pelea, seg\u00fan la polic\u00eda, termin\u00f3 cuando uno de los j\u00f3venes extrajo una pistola y mat\u00f3 de un balazo a Samuel Quiles, de 18 a\u00f1os.<\/p>\n<p>Personal de la comisar\u00eda quinta de Quilmes realiz\u00f3 el \u00faltimo fin de semana una serie de allanamientos en La Ca\u00f1ada y detuvo a Brian Risso Patr\u00f3n, sospechado de haber participado en el asesinato de Quiles.<\/p>\n<p>El detenido fue puesto a disposici\u00f3n del Fiscal Jorge Saizar, titular de la UFI 2, de Quilmes, que lleva adelante\u00a0la causa por \u00abhomicidio\u00bb.<\/p>\n<p>Risso Patr\u00f3n, hasta ser detenido en su casa ubicada en la localidad de Bernal, integraba los planteles de Reserva y Cuarta Divisi\u00f3n de Racing Club.<\/p>\n<p>En la madrugada del lunes \u00faltimo en Avellaneda fue asesinado a balazos Hugo \u00abEl Negro\u00bb Arce -jugador con futuro promisorio de la quinta divisi\u00f3n de San Telmo- cuando intent\u00f3 robar, junto a tres c\u00f3mplices, el auto a un polic\u00eda.<\/p>\n","protected":false},"excerpt":{"rendered":"<p>Se le imputa un hecho cometido el pasado 13 de agosto en un local bailable de La Ca\u00f1ada. Un jugador de f\u00fatbol de Racing Club fue detenido por un homicidio cometido el mes pasado en la localidad bonaerense de La Ca\u00f1ada, del partido de Quilmes, durante una pelea entre integrantes de dos grupos antag\u00f3nicos de&hellip;<\/p>\n","protected":false},"author":1,"featured_media":0,"comment_status":"open","ping_status":"open","sticky":false,"template":"","format":"standard","meta":{"footnotes":""},"categories":[22],"tags":[8173,91,2329,2079,5167,684,8172],"class_list":["post-16755","post","type-post","status-publish","format-standard","hentry","category-policiales","tag-brian-risso-patron","tag-detenido","tag-homicidio","tag-jugador","tag-la-canada","tag-quilmes","tag-racing-club"],"_links":{"self":[{"href":"https:\/\/www.elsindical.com.ar\/notas\/wp-json\/wp\/v2\/posts\/16755","targetHints":{"allow":["GET"]}}],"collection":[{"href":"https:\/\/www.elsindical.com.ar\/notas\/wp-json\/wp\/v2\/posts"}],"about":[{"href":"https:\/\/www.elsindical.com.ar\/notas\/wp-json\/wp\/v2\/types\/post"}],"author":[{"embeddable":true,"href":"https:\/\/www.elsindical.com.ar\/notas\/wp-json\/wp\/v2\/users\/1"}],"replies":[{"embeddable":true,"href":"https:\/\/www.elsindical.com.ar\/notas\/wp-json\/wp\/v2\/comments?post=16755"}],"version-history":[{"count":2,"href":"https:\/\/www.elsindical.com.ar\/notas\/wp-json\/wp\/v2\/posts\/16755\/revisions"}],"predecessor-version":[{"id":16758,"href":"https:\/\/www.elsindical.com.ar\/notas\/wp-json\/wp\/v2\/posts\/16755\/revisions\/16758"}],"wp:attachment":[{"href":"https:\/\/www.elsindical.com.ar\/notas\/wp-json\/wp\/v2\/media?parent=16755"}],"wp:term":[{"taxonomy":"category","embeddable":true,"href":"https:\/\/www.elsindical.com.ar\/notas\/wp-json\/wp\/v2\/categories?post=16755"},{"taxonomy":"post_tag","embeddable":true,"href":"https:\/\/www.elsindical.com.ar\/notas\/wp-json\/wp\/v2\/tags?post=16755"}],"curies":[{"name":"wp","href":"https:\/\/api.w.org\/{rel}","templated":true}]}}