{"id":16727,"date":"2011-09-08T00:33:01","date_gmt":"2011-09-08T03:33:01","guid":{"rendered":"http:\/\/www.elsindical.com.ar\/notas\/?p=16727"},"modified":"2011-09-08T00:33:01","modified_gmt":"2011-09-08T03:33:01","slug":"medicos-de-la-cicop-reclaman-al-gobierno-bonaerense","status":"publish","type":"post","link":"https:\/\/www.elsindical.com.ar\/notas\/medicos-de-la-cicop-reclaman-al-gobierno-bonaerense\/","title":{"rendered":"M\u00e9dicos de la CICOP reclaman al Gobierno bonaerense"},"content":{"rendered":"<p style=\"text-align: justify;\"><em><a href=\"http:\/\/www.elsindical.com.ar\/notas\/var\/www\/html\/notas\/wp-content\/uploads\/2011\/09\/Logo-CICOP.jpg\"><img loading=\"lazy\" decoding=\"async\" class=\"alignleft size-medium wp-image-16728\" title=\"Logo-CICOP\" src=\"http:\/\/www.elsindical.com.ar\/notas\/var\/www\/html\/notas\/wp-content\/uploads\/2011\/09\/Logo-CICOP-300x115.jpg\" alt=\"\" width=\"300\" height=\"115\" srcset=\"https:\/\/www.elsindical.com.ar\/notas\/var\/www\/html\/notas\/wp-content\/uploads\/2011\/09\/Logo-CICOP-300x115.jpg 300w, https:\/\/www.elsindical.com.ar\/notas\/var\/www\/html\/notas\/wp-content\/uploads\/2011\/09\/Logo-CICOP.jpg 413w\" sizes=\"auto, (max-width: 300px) 100vw, 300px\" \/><\/a>Los m\u00e9dicos de los hospitales p\u00fablicos bonaerenses que integran la Cicop reclamaron al gobierno la \u00abinmediata convocatoria a paritarias para discutir mejoras salariales\u00bb.<\/em><\/p>\n<p style=\"text-align: justify;\">Fundamentaron el pedido \u00aben la necesidad de rediscutir las asignaciones de los trabajadores del sector para recomponer su poder adquisitivo\u00bb y recordaron que \u00abya en abril de este a\u00f1o dejamos sentada nuestra disconformidad con la mejora otorgada en esa oportunidad por considerarla insuficiente\u00bb.<\/p>\n<p style=\"text-align: justify;\">El secretario general de la organizaci\u00f3n, Pablo Torres, afirm\u00f3 que \u00abadem\u00e1s se deben discutir los incumplimientos injustificados de los acuerdos paritarios consensuados en marzo de 2009 y marzo de 2010 y la necesidad urgente de resolver problemas que afectan el normal funcionamiento del Sistema Provincial de Salud\u00bb.<\/p>\n<p style=\"text-align: justify;\">Torres tambi\u00e9n incluy\u00f3 como temas de debate en la paritarias reclamadas, \u00abla mora en la incorporaci\u00f3n de nuevos establecimientos al r\u00e9gimen de desfavorabilidad; el pase de las bonificaciones de planta y guardia a los montos retributivos; la implementaci\u00f3n de manera progresiva del r\u00e9gimen de guardias de 12 horas y la eliminaci\u00f3n de los topes a las Asignaciones Familiares\u00bb.<\/p>\n<p style=\"text-align: justify;\">La CICOP anunci\u00f3 que, en caso de no recibir respuestas a sus reclamos, \u00abevaluar\u00e1n con los m\u00e9dicos y profesionales del sector medidas de acci\u00f3n gremial\u00bb.<\/p>\n<p style=\"text-align: justify;\">Hasta el momento el gobierno solo accedi\u00f3 a reunirse en paritarias, excluyendo de la discusi\u00f3n el tema salarial, con los gremios docentes, negociaciones que se iniciar\u00e1n el pr\u00f3ximo lunes 12 seg\u00fan se dej\u00f3 trascender.<\/p>\n<p style=\"text-align: justify;\">Pedidos similares al planteado por la Cicop, ya fueron expresados por ATE, UPCN y por la Fegeppba, federaci\u00f3n que nuclea a 13 sindicatos estatales.<\/p>\n","protected":false},"excerpt":{"rendered":"<p>Los m\u00e9dicos de los hospitales p\u00fablicos bonaerenses que integran la Cicop reclamaron al gobierno la \u00abinmediata convocatoria a paritarias para discutir mejoras salariales\u00bb. Fundamentaron el pedido \u00aben la necesidad de rediscutir las asignaciones de los trabajadores del sector para recomponer su poder adquisitivo\u00bb y recordaron que \u00abya en abril de este a\u00f1o dejamos sentada nuestra&hellip;<\/p>\n","protected":false},"author":1,"featured_media":0,"comment_status":"open","ping_status":"open","sticky":false,"template":"","format":"standard","meta":{"footnotes":""},"categories":[16],"tags":[291,7790,4529,103,8114],"class_list":["post-16727","post","type-post","status-publish","format-standard","hentry","category-gremiales","tag-cicop","tag-gobierno-bonaerense","tag-hospitales-publicos","tag-medicos","tag-pablo-torres"],"_links":{"self":[{"href":"https:\/\/www.elsindical.com.ar\/notas\/wp-json\/wp\/v2\/posts\/16727","targetHints":{"allow":["GET"]}}],"collection":[{"href":"https:\/\/www.elsindical.com.ar\/notas\/wp-json\/wp\/v2\/posts"}],"about":[{"href":"https:\/\/www.elsindical.com.ar\/notas\/wp-json\/wp\/v2\/types\/post"}],"author":[{"embeddable":true,"href":"https:\/\/www.elsindical.com.ar\/notas\/wp-json\/wp\/v2\/users\/1"}],"replies":[{"embeddable":true,"href":"https:\/\/www.elsindical.com.ar\/notas\/wp-json\/wp\/v2\/comments?post=16727"}],"version-history":[{"count":2,"href":"https:\/\/www.elsindical.com.ar\/notas\/wp-json\/wp\/v2\/posts\/16727\/revisions"}],"predecessor-version":[{"id":16730,"href":"https:\/\/www.elsindical.com.ar\/notas\/wp-json\/wp\/v2\/posts\/16727\/revisions\/16730"}],"wp:attachment":[{"href":"https:\/\/www.elsindical.com.ar\/notas\/wp-json\/wp\/v2\/media?parent=16727"}],"wp:term":[{"taxonomy":"category","embeddable":true,"href":"https:\/\/www.elsindical.com.ar\/notas\/wp-json\/wp\/v2\/categories?post=16727"},{"taxonomy":"post_tag","embeddable":true,"href":"https:\/\/www.elsindical.com.ar\/notas\/wp-json\/wp\/v2\/tags?post=16727"}],"curies":[{"name":"wp","href":"https:\/\/api.w.org\/{rel}","templated":true}]}}