{"id":16694,"date":"2011-09-07T01:14:03","date_gmt":"2011-09-07T04:14:03","guid":{"rendered":"http:\/\/www.elsindical.com.ar\/notas\/?p=16694"},"modified":"2011-09-07T01:14:03","modified_gmt":"2011-09-07T04:14:03","slug":"la-platadetuvieron-a-los-presuntos-asesinos-de-una-joven-madre-para-robarle-900","status":"publish","type":"post","link":"https:\/\/www.elsindical.com.ar\/notas\/la-platadetuvieron-a-los-presuntos-asesinos-de-una-joven-madre-para-robarle-900\/","title":{"rendered":"La Plata:Detuvieron a los presuntos asesinos de una joven madre para robarle $900"},"content":{"rendered":"<div id=\"bajada\">\n<p style=\"text-align: justify;\"><em><a href=\"http:\/\/www.elsindical.com.ar\/notas\/var\/www\/html\/notas\/wp-content\/uploads\/2011\/09\/Mar\u00eda-Florencia-Brambilla.jpg\"><img loading=\"lazy\" decoding=\"async\" class=\"alignleft size-medium wp-image-16695\" title=\"Mar\u00eda-Florencia-Brambilla\" src=\"http:\/\/www.elsindical.com.ar\/notas\/var\/www\/html\/notas\/wp-content\/uploads\/2011\/09\/Mar\u00eda-Florencia-Brambilla-259x300.jpg\" alt=\"\" width=\"259\" height=\"300\" srcset=\"https:\/\/www.elsindical.com.ar\/notas\/var\/www\/html\/notas\/wp-content\/uploads\/2011\/09\/Mar\u00eda-Florencia-Brambilla-259x300.jpg 259w, https:\/\/www.elsindical.com.ar\/notas\/var\/www\/html\/notas\/wp-content\/uploads\/2011\/09\/Mar\u00eda-Florencia-Brambilla.jpg 413w\" sizes=\"auto, (max-width: 259px) 100vw, 259px\" \/><\/a>Dos hombres fueron aprehendidos acusados de haber masacrado de 11 pu\u00f1aladas a <strong>Mar\u00eda Eugenia Brambilla<\/strong> en su departamento de La Plata. Sus hijos menores, que estaban encerrados en una habitaci\u00f3n, encontraron el cad\u00e1ver minutos m\u00e1s tarde.<\/em><\/p>\n<\/div>\n<div id=\"texto\" style=\"text-align: justify;\">\n<p>Se trata de los sospechosos de haber cometido el crimen de <strong>Mar\u00eda Eugenia Brambilla <\/strong>(36) en el departamento en el que estaban su hija de 15 a\u00f1os y su hijo de 8, situado la calle 74 entre 4 y 5, de la capital provincial.<\/p>\n<p>Las detenciones fueron efectuadas por personal de la comisar\u00eda 8va y de la Departamental de Investigaciones (DDI) de La Plata, detuvieron en horas de la tarde a dos personas indicadas como los autores del homicidio.<\/p>\n<p>El primer allanamiento fue realizado en 118 entre 75 y 76, donde se secuestraron dos camperas rompeviento negras, una campera de cuero negra, un pantal\u00f3n deportivo negro, dos tel\u00e9fonos Nextel, dos celulares Nokia, dos cuchillos y una tijera con manchas de sangre.<\/p>\n<p>En el segundo domicilio allanado, en la calle 75 entre 116 y 117, los investigadores se incautaron de un fac\u00f3n chico y dos chalecos inflables con manchas hem\u00e1ticas.<br \/>\nAmbos detenidos quedaron a disposici\u00f3n del fiscal platense<strong> Fernando Cartasegna<\/strong>, a cargo de la investigaci\u00f3n de este hecho.<\/p>\n<p>El crimen se cometi\u00f3 en la noche del s\u00e1bado \u00faltimo. La mujer y sus hijos estaban reunidos en la casa cuando son\u00f3 el timbre de la vivienda y la adolescente, al no tener respuesta por el portero el\u00e9ctrico sobre qui\u00e9n era, abri\u00f3 la puerta y no vio a nadie.<\/p>\n<p>Cuando la joven se dispon\u00eda a cerrar la puerta fue abordada por dos encapuchados que irrumpieron en el departamento y, bajo amenazas con una cuchilla, la redujeron y la obligaron a dejarlos ingresar.<\/p>\n<p>Los delincuentes ordenaron a la adolescente y a su hermano que se quedaran encerrados en su habitaci\u00f3n, en tanto amenazaron a su madre y le exigieron que les entregara dinero.<\/p>\n<p>Al parecer la mujer se opuso a acceder a las exigencias y los delincuentes la golpearon y le aplicaron seis cuchilladas en el rostro y otras cinco en el cuello, a ra\u00edz de lo cual muri\u00f3 en el lugar.<\/p>\n<p>Tras apoderarse de unos 900 pesos que la v\u00edctima guardaba en la casa, los asaltantes escaparon, precisaron los voceros.<\/p>\n<p>Poco despu\u00e9s y ante el silencio en la casa, los hijos de Brambilla, que se hab\u00edan escondido debajo de una cama, salieron de la habitaci\u00f3n y encontraron a su madre asesinada. De inmediato, la adolescente pidi\u00f3 ayuda a un vecino, que avis\u00f3 del hecho a la polic\u00eda.<\/p>\n<\/div>\n<div id=\"firma\" style=\"text-align: justify;\"><strong>T\u00e9lam<\/strong><\/div>\n","protected":false},"excerpt":{"rendered":"<p>Dos hombres fueron aprehendidos acusados de haber masacrado de 11 pu\u00f1aladas a Mar\u00eda Eugenia Brambilla en su departamento de La Plata. Sus hijos menores, que estaban encerrados en una habitaci\u00f3n, encontraron el cad\u00e1ver minutos m\u00e1s tarde. Se trata de los sospechosos de haber cometido el crimen de Mar\u00eda Eugenia Brambilla (36) en el departamento en&hellip;<\/p>\n","protected":false},"author":1,"featured_media":0,"comment_status":"open","ping_status":"open","sticky":false,"template":"","format":"standard","meta":{"footnotes":""},"categories":[22],"tags":[1233,363,742,239,8131,22030],"class_list":["post-16694","post","type-post","status-publish","format-standard","hentry","category-policiales","tag-apunalada","tag-asesinato","tag-detenidos","tag-la-plata","tag-maria-eugenia-brambilla","tag-policiales"],"_links":{"self":[{"href":"https:\/\/www.elsindical.com.ar\/notas\/wp-json\/wp\/v2\/posts\/16694","targetHints":{"allow":["GET"]}}],"collection":[{"href":"https:\/\/www.elsindical.com.ar\/notas\/wp-json\/wp\/v2\/posts"}],"about":[{"href":"https:\/\/www.elsindical.com.ar\/notas\/wp-json\/wp\/v2\/types\/post"}],"author":[{"embeddable":true,"href":"https:\/\/www.elsindical.com.ar\/notas\/wp-json\/wp\/v2\/users\/1"}],"replies":[{"embeddable":true,"href":"https:\/\/www.elsindical.com.ar\/notas\/wp-json\/wp\/v2\/comments?post=16694"}],"version-history":[{"count":1,"href":"https:\/\/www.elsindical.com.ar\/notas\/wp-json\/wp\/v2\/posts\/16694\/revisions"}],"predecessor-version":[{"id":16696,"href":"https:\/\/www.elsindical.com.ar\/notas\/wp-json\/wp\/v2\/posts\/16694\/revisions\/16696"}],"wp:attachment":[{"href":"https:\/\/www.elsindical.com.ar\/notas\/wp-json\/wp\/v2\/media?parent=16694"}],"wp:term":[{"taxonomy":"category","embeddable":true,"href":"https:\/\/www.elsindical.com.ar\/notas\/wp-json\/wp\/v2\/categories?post=16694"},{"taxonomy":"post_tag","embeddable":true,"href":"https:\/\/www.elsindical.com.ar\/notas\/wp-json\/wp\/v2\/tags?post=16694"}],"curies":[{"name":"wp","href":"https:\/\/api.w.org\/{rel}","templated":true}]}}