{"id":16672,"date":"2011-09-07T00:19:28","date_gmt":"2011-09-07T03:19:28","guid":{"rendered":"http:\/\/www.elsindical.com.ar\/notas\/?p=16672"},"modified":"2011-09-07T00:19:44","modified_gmt":"2011-09-07T03:19:44","slug":"profesores-universitarios-cerca-de-acordar-un-plus","status":"publish","type":"post","link":"https:\/\/www.elsindical.com.ar\/notas\/profesores-universitarios-cerca-de-acordar-un-plus\/","title":{"rendered":"Profesores universitarios cerca de acordar un plus"},"content":{"rendered":"<p style=\"text-align: justify;\"><em><a href=\"http:\/\/www.elsindical.com.ar\/notas\/var\/www\/html\/notas\/wp-content\/uploads\/2011\/09\/logo-FEDUN.jpg\"><img loading=\"lazy\" decoding=\"async\" class=\"alignleft size-full wp-image-16673\" title=\"logo-FEDUN\" src=\"http:\/\/www.elsindical.com.ar\/notas\/var\/www\/html\/notas\/wp-content\/uploads\/2011\/09\/logo-FEDUN.jpg\" alt=\"\" width=\"295\" height=\"123\" \/><\/a>La Federaci\u00f3n de Docentes de las Universidades (FEDUN) dijo que los profesores est\u00e1n \u00abcerca\u00bb a acordar el cobro de un plus salarial por dedicaci\u00f3n exclusiva y especialidad en la paritaria con rectores estatales y el ministerio de Educaci\u00f3n.<\/em><\/p>\n<p style=\"text-align: justify;\">Daniel Ricci, secretario general de FEDUN y titular del sindicato docente de la UBA (ADUBA), manifest\u00f3 que en la paritaria del mi\u00e9rcoles avanzar\u00e1n en el pedido para que \u00abprofesores con dedicaci\u00f3n exclusiva, es decir con 40 horas semanales e investigaci\u00f3n, cobren un plus salarial del 25%, y los que tengan especializaciones un adicional del 15%\u00bb.<\/p>\n<p style=\"text-align: justify;\">\u00abEn Argentina son pocos los docentes universitarios con posgrados, principalmente porque no son gratuitos, y por eso pedimos los plus, como una forma de premiar econ\u00f3micamente a quienes se especializaron en determinado tema, como tambi\u00e9n al que se dedica exclusivamente a dictar clases y a capacitarse e investigar dentro de la universidad\u00bb, remarc\u00f3.<\/p>\n<p style=\"text-align: justify;\">En ese sentido, dijo que en Brasil hay mayor n\u00famero de profesores de las casas de altos estudios p\u00fablicas con maestr\u00edas y doctorados, y sostuvo que \u00abtiene que ver con los costos de los posgrados\u00bb.<\/p>\n<p style=\"text-align: justify;\">En la negociaci\u00f3n en el Consejo Interuniversitario Nacional (CIN), que nuclea a los rectores, manifest\u00f3 que los dirigentes docentes pedir\u00e1n \u00abel aumento gradual\u00bb de los adicionales por doctorado, para que alcance el 30% del salario, y que por maestr\u00edas se lleve al 20%, adem\u00e1s de continuar el dise\u00f1o del primer Convenio Colectivo de Trabajo para las universidades nacionales.<\/p>\n<p style=\"text-align: justify;\">En la discusi\u00f3n de las dedicaciones e incentivos salariales, sostuvo, est\u00e1 pendiente la definici\u00f3n respecto a \u00abqu\u00e9 es la exclusividad\u00bb, es decir \u00absi es adem\u00e1s investigar, brindar asesoramiento a terceros, es contar adem\u00e1s con posgrados\u00bb.<\/p>\n<p style=\"text-align: justify;\">Ricci, en concordancia con CONADU Hist\u00f3rica, dijo que en el Ciclo B\u00e1sico Com\u00fan \u00abla mayor\u00eda de los docentes trabaja en calidad de interino\u00bb, por lo cual \u00abdos veces por a\u00f1o tiene que esperar una resoluci\u00f3n del director para que los recontraten\u00bb.<\/p>\n<p style=\"text-align: justify;\">En ese sentido, sostuvo que la mesa de negociaci\u00f3n tendr\u00e1 que acordar el \u00abreglamento para que estos docentes puedan acceder a concursos\u00bb.<\/p>\n","protected":false},"excerpt":{"rendered":"<p>La Federaci\u00f3n de Docentes de las Universidades (FEDUN) dijo que los profesores est\u00e1n \u00abcerca\u00bb a acordar el cobro de un plus salarial por dedicaci\u00f3n exclusiva y especialidad en la paritaria con rectores estatales y el ministerio de Educaci\u00f3n. Daniel Ricci, secretario general de FEDUN y titular del sindicato docente de la UBA (ADUBA), manifest\u00f3 que&hellip;<\/p>\n","protected":false},"author":1,"featured_media":0,"comment_status":"open","ping_status":"open","sticky":false,"template":"","format":"standard","meta":{"footnotes":""},"categories":[16],"tags":[926,6222,2717,668],"class_list":["post-16672","post","type-post","status-publish","format-standard","hentry","category-gremiales","tag-acuerdo","tag-docentes-universitarios","tag-fedun","tag-salarial"],"_links":{"self":[{"href":"https:\/\/www.elsindical.com.ar\/notas\/wp-json\/wp\/v2\/posts\/16672","targetHints":{"allow":["GET"]}}],"collection":[{"href":"https:\/\/www.elsindical.com.ar\/notas\/wp-json\/wp\/v2\/posts"}],"about":[{"href":"https:\/\/www.elsindical.com.ar\/notas\/wp-json\/wp\/v2\/types\/post"}],"author":[{"embeddable":true,"href":"https:\/\/www.elsindical.com.ar\/notas\/wp-json\/wp\/v2\/users\/1"}],"replies":[{"embeddable":true,"href":"https:\/\/www.elsindical.com.ar\/notas\/wp-json\/wp\/v2\/comments?post=16672"}],"version-history":[{"count":2,"href":"https:\/\/www.elsindical.com.ar\/notas\/wp-json\/wp\/v2\/posts\/16672\/revisions"}],"predecessor-version":[{"id":16675,"href":"https:\/\/www.elsindical.com.ar\/notas\/wp-json\/wp\/v2\/posts\/16672\/revisions\/16675"}],"wp:attachment":[{"href":"https:\/\/www.elsindical.com.ar\/notas\/wp-json\/wp\/v2\/media?parent=16672"}],"wp:term":[{"taxonomy":"category","embeddable":true,"href":"https:\/\/www.elsindical.com.ar\/notas\/wp-json\/wp\/v2\/categories?post=16672"},{"taxonomy":"post_tag","embeddable":true,"href":"https:\/\/www.elsindical.com.ar\/notas\/wp-json\/wp\/v2\/tags?post=16672"}],"curies":[{"name":"wp","href":"https:\/\/api.w.org\/{rel}","templated":true}]}}