{"id":16670,"date":"2011-09-07T00:16:23","date_gmt":"2011-09-07T03:16:23","guid":{"rendered":"http:\/\/www.elsindical.com.ar\/notas\/?p=16670"},"modified":"2011-09-07T00:16:23","modified_gmt":"2011-09-07T03:16:23","slug":"la-cicop-reclama-convocar-a-negociacion-paritaria","status":"publish","type":"post","link":"https:\/\/www.elsindical.com.ar\/notas\/la-cicop-reclama-convocar-a-negociacion-paritaria\/","title":{"rendered":"La CICOP reclama convocar a negociaci\u00f3n paritaria"},"content":{"rendered":"<p style=\"text-align: justify;\"><em><a href=\"http:\/\/www.elsindical.com.ar\/notas\/var\/www\/html\/notas\/wp-content\/uploads\/2009\/10\/Cicop-marcha2.jpg\"><img loading=\"lazy\" decoding=\"async\" class=\"alignleft size-full wp-image-1168\" title=\"Cicop-marcha\" src=\"http:\/\/www.elsindical.com.ar\/notas\/var\/www\/html\/notas\/wp-content\/uploads\/2009\/10\/Cicop-marcha2.jpg\" alt=\"\" width=\"269\" height=\"200\" \/><\/a>La Asociaci\u00f3n Sindical de Profesionales de la Salud de la Provincia de Buenos Aires (CICOP) reclam\u00f3 al gobierno bonaerense \u00abla inmediata convocatoria a la paritaria sectorial\u00bb, informaron dirigentes gremiales.<\/em><\/p>\n<p style=\"text-align: justify;\">Pablo Torres, secretario general de la organizaci\u00f3n, fundament\u00f3 la solicitud en \u00abla necesidad de rediscutir los salarios de los trabajadores para recomponer el poder adquisitivo\u00bb e indic\u00f3 que ya en abril \u00faltimo el gremio destac\u00f3 su \u00abdisconformidad\u00bb con la mejora otorgada por considerarla \u00abinsuficiente\u00bb.<\/p>\n<p style=\"text-align: justify;\">Torres se\u00f1al\u00f3 que es preciso analizar, adem\u00e1s, otros temas como \u00abel incumplimiento injustificado de los acuerdos paritarios consensuados en los meses de marzo de 2009 y 2010\u00bb y resolver problemas que afectan \u00abel normal funcionamiento del sistema\u00bb.<\/p>\n<p style=\"text-align: justify;\">La CICOP reclam\u00f3 discutir \u00abla incorporaci\u00f3n de nuevos establecimientos al r\u00e9gimen de desfavorabilidad; el pase a remunerativas de las bonificaciones de planta y guardia y la implementaci\u00f3n progresiva del sistema de guardias de 12 horas para salvaguardar la salud psicof\u00edsica de los profesionales\u00bb.<\/p>\n<p style=\"text-align: justify;\">Del mismo modo, el gremio plante\u00f3 la necesidad de discutir \u00abel pase optativo a planta de los profesionales de guardia con 15 a\u00f1os de antig\u00fcedad y la eliminaci\u00f3n de los topes a las asignaciones familiares, en el marco de las negociaciones paritarias\u00bb.<\/p>\n<p style=\"text-align: justify;\">La CICOP adelant\u00f3 que de no recibir respuestas satisfactorias evaluar\u00e1 con m\u00e9dicos y profesionales medidas de acci\u00f3n gremial.<\/p>\n","protected":false},"excerpt":{"rendered":"<p>La Asociaci\u00f3n Sindical de Profesionales de la Salud de la Provincia de Buenos Aires (CICOP) reclam\u00f3 al gobierno bonaerense \u00abla inmediata convocatoria a la paritaria sectorial\u00bb, informaron dirigentes gremiales. Pablo Torres, secretario general de la organizaci\u00f3n, fundament\u00f3 la solicitud en \u00abla necesidad de rediscutir los salarios de los trabajadores para recomponer el poder adquisitivo\u00bb e&hellip;<\/p>\n","protected":false},"author":1,"featured_media":0,"comment_status":"open","ping_status":"open","sticky":false,"template":"","format":"standard","meta":{"footnotes":""},"categories":[16],"tags":[291,8114,2107,8113,1382],"class_list":["post-16670","post","type-post","status-publish","format-standard","hentry","category-gremiales","tag-cicop","tag-pablo-torres","tag-paritarias","tag-profesionales-de-la-salud","tag-secretario-general"],"_links":{"self":[{"href":"https:\/\/www.elsindical.com.ar\/notas\/wp-json\/wp\/v2\/posts\/16670","targetHints":{"allow":["GET"]}}],"collection":[{"href":"https:\/\/www.elsindical.com.ar\/notas\/wp-json\/wp\/v2\/posts"}],"about":[{"href":"https:\/\/www.elsindical.com.ar\/notas\/wp-json\/wp\/v2\/types\/post"}],"author":[{"embeddable":true,"href":"https:\/\/www.elsindical.com.ar\/notas\/wp-json\/wp\/v2\/users\/1"}],"replies":[{"embeddable":true,"href":"https:\/\/www.elsindical.com.ar\/notas\/wp-json\/wp\/v2\/comments?post=16670"}],"version-history":[{"count":1,"href":"https:\/\/www.elsindical.com.ar\/notas\/wp-json\/wp\/v2\/posts\/16670\/revisions"}],"predecessor-version":[{"id":16671,"href":"https:\/\/www.elsindical.com.ar\/notas\/wp-json\/wp\/v2\/posts\/16670\/revisions\/16671"}],"wp:attachment":[{"href":"https:\/\/www.elsindical.com.ar\/notas\/wp-json\/wp\/v2\/media?parent=16670"}],"wp:term":[{"taxonomy":"category","embeddable":true,"href":"https:\/\/www.elsindical.com.ar\/notas\/wp-json\/wp\/v2\/categories?post=16670"},{"taxonomy":"post_tag","embeddable":true,"href":"https:\/\/www.elsindical.com.ar\/notas\/wp-json\/wp\/v2\/tags?post=16670"}],"curies":[{"name":"wp","href":"https:\/\/api.w.org\/{rel}","templated":true}]}}