{"id":16467,"date":"2011-08-31T01:05:53","date_gmt":"2011-08-31T04:05:53","guid":{"rendered":"http:\/\/www.elsindical.com.ar\/notas\/?p=16467"},"modified":"2011-08-31T01:05:53","modified_gmt":"2011-08-31T04:05:53","slug":"denuncian-ataque-contra-un-gremialista","status":"publish","type":"post","link":"https:\/\/www.elsindical.com.ar\/notas\/denuncian-ataque-contra-un-gremialista\/","title":{"rendered":"Denuncian ataque contra un gremialista"},"content":{"rendered":"<p style=\"text-align: justify;\"><em><a href=\"http:\/\/www.elsindical.com.ar\/notas\/var\/www\/html\/notas\/wp-content\/uploads\/2011\/07\/Sec.-Gral-UOCRA-Gerardo-Mar.jpg\"><img loading=\"lazy\" decoding=\"async\" class=\"alignleft size-medium wp-image-15247\" title=\"Sec.-Gral-UOCRA-Gerardo-Mar\" src=\"http:\/\/www.elsindical.com.ar\/notas\/var\/www\/html\/notas\/wp-content\/uploads\/2011\/07\/Sec.-Gral-UOCRA-Gerardo-Mar-300x195.jpg\" alt=\"\" width=\"300\" height=\"195\" srcset=\"https:\/\/www.elsindical.com.ar\/notas\/var\/www\/html\/notas\/wp-content\/uploads\/2011\/07\/Sec.-Gral-UOCRA-Gerardo-Mar-300x195.jpg 300w, https:\/\/www.elsindical.com.ar\/notas\/var\/www\/html\/notas\/wp-content\/uploads\/2011\/07\/Sec.-Gral-UOCRA-Gerardo-Mar.jpg 443w\" sizes=\"auto, (max-width: 300px) 100vw, 300px\" \/><\/a>Uno de los gremialistas que denunci\u00f3 penalmente al titular de la Uni\u00f3n Obrera de la Construcci\u00f3n (UOCRA) y directivo de la CGT, Gerardo Mart\u00ednez, como supuesto esp\u00eda de la dictadura militar, fue atacado en el partido bonaerense de Lomas de Zamora por una \u00abpatota\u00bb.<\/em><\/p>\n<p style=\"text-align: justify;\">As\u00ed lo denunciaron fuentes del Sindicato de la Industria de la Construcci\u00f3n y Afines (SITRAIC), opuesto a la conducci\u00f3n de la UOCRA y que disputa con esta organizaci\u00f3n la representaci\u00f3n gremial de los alba\u00f1iles.<\/p>\n<p style=\"text-align: justify;\">\u00abHoy al mediod\u00eda la patota de la UOCRA de Lomas, a las \u00f3rdenes de un pistolero a sueldo de Gerardo Mart\u00ednez, agredi\u00f3 salvajemente a V\u00edctor Amarilla\u00bb, indicaron los voceros.<\/p>\n<p style=\"text-align: justify;\">Mart\u00ednez, seg\u00fan las fuentes, \u00abmanda a sus patoteros a atacar a los integrantes del nuevo sindicato (SITRAIC), veng\u00e1ndose por la denuncia realizada por su papel durante la dictadura genocida\u00bb.<\/p>\n<p style=\"text-align: justify;\">Amarilla \u00abadem\u00e1s de formar parte del nuevo sindicato de la Construcci\u00f3n, el SITRAIC, y ser militante de Convergencia Socialista, es uno de los testigos claves en la causa contra (Cristian) Favale y (Jos\u00e9) Pedraza (titular de la Uni\u00f3n Ferroviaria) por el asesinato de Mariano Ferreyra\u00bb, militante del Partido Obrero ultimado en una marcha de protesta de trabajadores tercerizados, indicaron las fuentes.<\/p>\n<p style=\"text-align: justify;\">Los dirigentes de SITRAIC y de Convergencia Socialista planeaban \u00aborganizar una marcha ma\u00f1ana en Lomas repudiando el hecho y exigiendo justicia\u00bb.<\/p>\n<p style=\"text-align: justify;\">El 20 de junio pasado Mart\u00ednez fue denunciado en la Justicia federal por el SITRAIC, junto al Centro de Abogados por los Derechos Humanos; la Asociaci\u00f3n de ex Detenidos Desaparecidos; la Liga Argentina de los Derechos del Hombre y el Instituto de Relaciones Ecum\u00e9nicas.<\/p>\n<p style=\"text-align: justify;\">Los denunciantes pidieron que se investigue si el titular de la UOCRA, secretario de Relaciones Internacionales de la CGT y miembro del Consejo de Administraci\u00f3n de la Organizaci\u00f3n Internacional del Trabajo (OIT) es el hom\u00f3nimo que apareci\u00f3 en los listados del Ej\u00e9rcito sobre integrantes del Batall\u00f3n 601 de Inteligencia durante la dictadura.<\/p>\n<p style=\"text-align: justify;\">Y tambi\u00e9n que sea citado a prestar declaraci\u00f3n indagatoria y se lo detenga por su presunta responsabilidad en el secuestro y desaparici\u00f3n de 105 alba\u00f1iles afiliados al gremio durante la dictadura.<\/p>\n<p style=\"text-align: justify;\">Adem\u00e1s, los denunciantes plantearon al juez federal Sergio Torres que cite de testigos a los ministros de Seguridad, Nilda Garr\u00e9; de Justicia, Julio Alak; y de Defensa, Arturo Puricelli, as\u00ed como al subjefe del Ej\u00e9rcito y jefe de Inteligencia de la fuerza, general Cesar Milani; al secretario de Derechos Humanos, Eduardo Luis Duhalde, y al presidente del Archivo Nacional de la Memoria, Ram\u00f3n Torres Molina.<\/p>\n<p style=\"text-align: justify;\">El pedido es para que esos funcionarios, indicaron, \u00abexpliquen c\u00f3mo se confeccion\u00f3 el listado\u00bb hecho por el Ej\u00e9rcito sobre miembros del Batall\u00f3n de Inteligencia 601 en la dictadura, donde figura un Gerardo Mart\u00ednez y su presunto n\u00famero de DNI y que digan \u00absi es confiable y que den detalles sobre lo que haya del gremialista\u00bb.<\/p>\n<p style=\"text-align: justify;\">Luego de aquella denuncia, el secretario general de la UOCRA present\u00f3 un escrito en el juzgado, a trav\u00e9s del estudio jur\u00eddico Argibay Molina, y no desminti\u00f3 expl\u00edcitamente que haya integrado el Batall\u00f3n 601 de Inteligencia del Ej\u00e9rcito, desde donde se dirigi\u00f3 la represi\u00f3n ilegal en Buenos Aires y la zona metropolitana.<\/p>\n<p style=\"text-align: justify;\">En ese texto anunci\u00f3 que realizar\u00eda \u00abuna investigaci\u00f3n en relaci\u00f3n a las 105 personas desaparecidas de la actividad de la construcci\u00f3n que han mencionado los distintos medios de comunicaci\u00f3n en la publicidad dada a la denuncia\u00bb. Allegados al dirigente dijeron en ese momento que Mart\u00ednez no ten\u00eda nada que ver con esos episodios pues hab\u00eda ingresado al sindicato despu\u00e9s de esos sucesos.<\/p>\n<p style=\"text-align: justify;\">Mart\u00ednez tambi\u00e9n public\u00f3 una solicitada en los diarios, en la cual neg\u00f3 haber participado en \u00abactividades represivas de las Fuerzas Armadas\u00bb durante la dictadura y rechaz\u00f3 haber integrado el Batall\u00f3n de Inteligencia 601 del Ej\u00e9rcito.<\/p>\n<p style=\"text-align: justify;\">El jefe de los alba\u00f1iles fue, al menos hasta el momento de la denuncia, uno de los dirigentes favoritos del kirchnerismo gobernante, al punto que fue mencionado meses atr\u00e1s como eventual rival de Hugo Moyano para sucederlo en la titularidad de la CGT, con el supuesto apoyo oficial.<\/p>\n","protected":false},"excerpt":{"rendered":"<p>Uno de los gremialistas que denunci\u00f3 penalmente al titular de la Uni\u00f3n Obrera de la Construcci\u00f3n (UOCRA) y directivo de la CGT, Gerardo Mart\u00ednez, como supuesto esp\u00eda de la dictadura militar, fue atacado en el partido bonaerense de Lomas de Zamora por una \u00abpatota\u00bb. As\u00ed lo denunciaron fuentes del Sindicato de la Industria de la&hellip;<\/p>\n","protected":false},"author":1,"featured_media":0,"comment_status":"open","ping_status":"open","sticky":false,"template":"","format":"standard","meta":{"footnotes":""},"categories":[6],"tags":[331,304,910,8014,744,3648,1228],"class_list":["post-16467","post","type-post","status-publish","format-standard","hentry","category-denuncias","tag-amenazas","tag-ataque","tag-cgt","tag-gerardo-martinez","tag-lomas-de-zamora","tag-patota","tag-uocra"],"_links":{"self":[{"href":"https:\/\/www.elsindical.com.ar\/notas\/wp-json\/wp\/v2\/posts\/16467","targetHints":{"allow":["GET"]}}],"collection":[{"href":"https:\/\/www.elsindical.com.ar\/notas\/wp-json\/wp\/v2\/posts"}],"about":[{"href":"https:\/\/www.elsindical.com.ar\/notas\/wp-json\/wp\/v2\/types\/post"}],"author":[{"embeddable":true,"href":"https:\/\/www.elsindical.com.ar\/notas\/wp-json\/wp\/v2\/users\/1"}],"replies":[{"embeddable":true,"href":"https:\/\/www.elsindical.com.ar\/notas\/wp-json\/wp\/v2\/comments?post=16467"}],"version-history":[{"count":2,"href":"https:\/\/www.elsindical.com.ar\/notas\/wp-json\/wp\/v2\/posts\/16467\/revisions"}],"predecessor-version":[{"id":16469,"href":"https:\/\/www.elsindical.com.ar\/notas\/wp-json\/wp\/v2\/posts\/16467\/revisions\/16469"}],"wp:attachment":[{"href":"https:\/\/www.elsindical.com.ar\/notas\/wp-json\/wp\/v2\/media?parent=16467"}],"wp:term":[{"taxonomy":"category","embeddable":true,"href":"https:\/\/www.elsindical.com.ar\/notas\/wp-json\/wp\/v2\/categories?post=16467"},{"taxonomy":"post_tag","embeddable":true,"href":"https:\/\/www.elsindical.com.ar\/notas\/wp-json\/wp\/v2\/tags?post=16467"}],"curies":[{"name":"wp","href":"https:\/\/api.w.org\/{rel}","templated":true}]}}