{"id":16443,"date":"2011-08-30T00:38:18","date_gmt":"2011-08-30T03:38:18","guid":{"rendered":"http:\/\/www.elsindical.com.ar\/notas\/?p=16443"},"modified":"2011-08-30T00:38:18","modified_gmt":"2011-08-30T03:38:18","slug":"diputados-portenos-reclaman-reincorporacion-de-ocho-despedidos-en-el-colon","status":"publish","type":"post","link":"https:\/\/www.elsindical.com.ar\/notas\/diputados-portenos-reclaman-reincorporacion-de-ocho-despedidos-en-el-colon\/","title":{"rendered":"Diputados porte\u00f1os reclaman reincorporaci\u00f3n de ocho despedidos en el Col\u00f3n"},"content":{"rendered":"<p style=\"text-align: justify;\"><em><a href=\"http:\/\/www.elsindical.com.ar\/notas\/var\/www\/html\/notas\/wp-content\/uploads\/2010\/03\/Teatro-Col\u00f3n.jpg\"><img loading=\"lazy\" decoding=\"async\" class=\"alignleft size-full wp-image-5083\" title=\"Teatro-Col\u00f3n\" src=\"http:\/\/www.elsindical.com.ar\/notas\/var\/www\/html\/notas\/wp-content\/uploads\/2010\/03\/Teatro-Col\u00f3n.jpg\" alt=\"\" width=\"227\" height=\"171\" \/><\/a>El candidato a diputado nacional por el Frente Amplio Progresista, Claudio Lozano, y los legisladores porte\u00f1os Fabio Basteiro, Laura Garc\u00eda Tu\u00f1\u00f3n y Mar\u00eda Gonz\u00e1lez reclamar\u00e1n este martes junto a los trabajadores del Teatro Col\u00f3n la inmediata reincorporaci\u00f3n de los ocho despedidos por el gobierno porte\u00f1o.<\/em><\/p>\n<p style=\"text-align: justify;\">Los diputados ofrecer\u00e1n a las 16 de este martes una conferencia de prensa en la Sala de Conferencias de la Legislatura porte\u00f1a, luego de \u00abla decisi\u00f3n pol\u00edtica del gobierno de Mauricio Macri de cesantear a ocho empleados, siete de los cuales est\u00e1n afiliados a la Asociaci\u00f3n Trabajadores del Estado (ATE)\u00bb, explicaron.<\/p>\n<p style=\"text-align: justify;\">La oficina de Prensa del diputado porte\u00f1o Fabio Basteiro inform\u00f3 que \u00abse ratificar\u00e1 el paro y la movilizaci\u00f3n del mi\u00e9rcoles 31 para rechazar la arremetida del gobierno porte\u00f1o en perjuicio de la organizaci\u00f3n de los trabajadores y la libertad sindical\u00bb.<\/p>\n","protected":false},"excerpt":{"rendered":"<p>El candidato a diputado nacional por el Frente Amplio Progresista, Claudio Lozano, y los legisladores porte\u00f1os Fabio Basteiro, Laura Garc\u00eda Tu\u00f1\u00f3n y Mar\u00eda Gonz\u00e1lez reclamar\u00e1n este martes junto a los trabajadores del Teatro Col\u00f3n la inmediata reincorporaci\u00f3n de los ocho despedidos por el gobierno porte\u00f1o. Los diputados ofrecer\u00e1n a las 16 de este martes una&hellip;<\/p>\n","protected":false},"author":1,"featured_media":0,"comment_status":"open","ping_status":"open","sticky":false,"template":"","format":"standard","meta":{"footnotes":""},"categories":[13],"tags":[3009,1379,7681,8005,8006,2083],"class_list":["post-16443","post","type-post","status-publish","format-standard","hentry","category-politica","tag-claudio-lozano","tag-fabio-basteiro","tag-frente-amplio-progresista","tag-laura-garcia-tunon","tag-maria-gonzalez","tag-teatro-colon"],"_links":{"self":[{"href":"https:\/\/www.elsindical.com.ar\/notas\/wp-json\/wp\/v2\/posts\/16443","targetHints":{"allow":["GET"]}}],"collection":[{"href":"https:\/\/www.elsindical.com.ar\/notas\/wp-json\/wp\/v2\/posts"}],"about":[{"href":"https:\/\/www.elsindical.com.ar\/notas\/wp-json\/wp\/v2\/types\/post"}],"author":[{"embeddable":true,"href":"https:\/\/www.elsindical.com.ar\/notas\/wp-json\/wp\/v2\/users\/1"}],"replies":[{"embeddable":true,"href":"https:\/\/www.elsindical.com.ar\/notas\/wp-json\/wp\/v2\/comments?post=16443"}],"version-history":[{"count":2,"href":"https:\/\/www.elsindical.com.ar\/notas\/wp-json\/wp\/v2\/posts\/16443\/revisions"}],"predecessor-version":[{"id":16445,"href":"https:\/\/www.elsindical.com.ar\/notas\/wp-json\/wp\/v2\/posts\/16443\/revisions\/16445"}],"wp:attachment":[{"href":"https:\/\/www.elsindical.com.ar\/notas\/wp-json\/wp\/v2\/media?parent=16443"}],"wp:term":[{"taxonomy":"category","embeddable":true,"href":"https:\/\/www.elsindical.com.ar\/notas\/wp-json\/wp\/v2\/categories?post=16443"},{"taxonomy":"post_tag","embeddable":true,"href":"https:\/\/www.elsindical.com.ar\/notas\/wp-json\/wp\/v2\/tags?post=16443"}],"curies":[{"name":"wp","href":"https:\/\/api.w.org\/{rel}","templated":true}]}}