{"id":16345,"date":"2011-08-26T19:11:56","date_gmt":"2011-08-26T22:11:56","guid":{"rendered":"http:\/\/www.elsindical.com.ar\/notas\/?p=16345"},"modified":"2011-08-26T19:11:56","modified_gmt":"2011-08-26T22:11:56","slug":"firma-de-convenio-entre-copba-y-el-ministerio-de-salud-de-la-nacion","status":"publish","type":"post","link":"https:\/\/www.elsindical.com.ar\/notas\/firma-de-convenio-entre-copba-y-el-ministerio-de-salud-de-la-nacion\/","title":{"rendered":"Firma de convenio entre COPBA y el Ministerio de Salud de la Naci\u00f3n"},"content":{"rendered":"<p style=\"text-align: justify;\"><em><a href=\"http:\/\/www.elsindical.com.ar\/notas\/var\/www\/html\/notas\/wp-content\/uploads\/2011\/08\/logo-COPBA.jpg\"><img loading=\"lazy\" decoding=\"async\" class=\"alignleft size-full wp-image-16346\" title=\"logo-COPBA\" src=\"http:\/\/www.elsindical.com.ar\/notas\/var\/www\/html\/notas\/wp-content\/uploads\/2011\/08\/logo-COPBA.jpg\" alt=\"\" width=\"236\" height=\"147\" \/><\/a>El Colegio de \u00d3pticos de la provincia de Buenos Aires (COPBA) y el Ministerio de Salud de la Naci\u00f3n firmaron un convenio de asistencia t\u00e9cnica y profesional que permitir\u00e1 en el corto plazo, que los matriculados bonaerense desarrollen su profesi\u00f3n con un salto de calidad.<\/em><\/p>\n<p style=\"text-align: justify;\">El documento fue rubricado por el viceministro Eduardo Bustos Villar, y los representantes de COPBA Gustavo Hern\u00e1ndez, Carlos Mart\u00ednez y Luis Su\u00e1rez.<\/p>\n<p style=\"text-align: justify;\">Este convenio, impulsado por la gerencia institucional de los \u00f3pticos bonaerenses, a cargo de Oscar Andechaga, contempla beneficios para los matrriculados en tu tarea diaria, como en lo que compete a la capacitaci\u00f3n.<\/p>\n<p style=\"text-align: justify;\">\u00abEste trabajo que culmina con este acuerdo entre COPBA y Naci\u00f3n es el resultado de una trabajo fecundo entre ambas entidades, que con el trabajo en conjunto posibilitan la sinergia de la capacidad profesional de los \u00f3pticos bonaerenses\u00bb, explicaron las autoridades.<\/p>\n","protected":false},"excerpt":{"rendered":"<p>El Colegio de \u00d3pticos de la provincia de Buenos Aires (COPBA) y el Ministerio de Salud de la Naci\u00f3n firmaron un convenio de asistencia t\u00e9cnica y profesional que permitir\u00e1 en el corto plazo, que los matriculados bonaerense desarrollen su profesi\u00f3n con un salto de calidad. El documento fue rubricado por el viceministro Eduardo Bustos Villar,&hellip;<\/p>\n","protected":false},"author":1,"featured_media":0,"comment_status":"open","ping_status":"open","sticky":false,"template":"","format":"standard","meta":{"footnotes":""},"categories":[13],"tags":[4318,7959,4169,3534,7960],"class_list":["post-16345","post","type-post","status-publish","format-standard","hentry","category-politica","tag-convenio","tag-copba","tag-firma","tag-ministerio-de-salud-de-la-nacion","tag-opticos"],"_links":{"self":[{"href":"https:\/\/www.elsindical.com.ar\/notas\/wp-json\/wp\/v2\/posts\/16345","targetHints":{"allow":["GET"]}}],"collection":[{"href":"https:\/\/www.elsindical.com.ar\/notas\/wp-json\/wp\/v2\/posts"}],"about":[{"href":"https:\/\/www.elsindical.com.ar\/notas\/wp-json\/wp\/v2\/types\/post"}],"author":[{"embeddable":true,"href":"https:\/\/www.elsindical.com.ar\/notas\/wp-json\/wp\/v2\/users\/1"}],"replies":[{"embeddable":true,"href":"https:\/\/www.elsindical.com.ar\/notas\/wp-json\/wp\/v2\/comments?post=16345"}],"version-history":[{"count":2,"href":"https:\/\/www.elsindical.com.ar\/notas\/wp-json\/wp\/v2\/posts\/16345\/revisions"}],"predecessor-version":[{"id":16348,"href":"https:\/\/www.elsindical.com.ar\/notas\/wp-json\/wp\/v2\/posts\/16345\/revisions\/16348"}],"wp:attachment":[{"href":"https:\/\/www.elsindical.com.ar\/notas\/wp-json\/wp\/v2\/media?parent=16345"}],"wp:term":[{"taxonomy":"category","embeddable":true,"href":"https:\/\/www.elsindical.com.ar\/notas\/wp-json\/wp\/v2\/categories?post=16345"},{"taxonomy":"post_tag","embeddable":true,"href":"https:\/\/www.elsindical.com.ar\/notas\/wp-json\/wp\/v2\/tags?post=16345"}],"curies":[{"name":"wp","href":"https:\/\/api.w.org\/{rel}","templated":true}]}}