{"id":16260,"date":"2011-08-24T01:09:14","date_gmt":"2011-08-24T04:09:14","guid":{"rendered":"http:\/\/www.elsindical.com.ar\/notas\/?p=16260"},"modified":"2011-08-24T01:10:05","modified_gmt":"2011-08-24T04:10:05","slug":"el-sindicato-de-maestranza-reclamara-un-nuevo-incremento","status":"publish","type":"post","link":"https:\/\/www.elsindical.com.ar\/notas\/el-sindicato-de-maestranza-reclamara-un-nuevo-incremento\/","title":{"rendered":"El Sindicato de Maestranza reclamar\u00e1 un nuevo incremento"},"content":{"rendered":"<p style=\"text-align: justify;\"><em><a href=\"http:\/\/www.elsindical.com.ar\/notas\/var\/www\/html\/notas\/wp-content\/uploads\/2011\/08\/SOM-logo.jpg\"><img loading=\"lazy\" decoding=\"async\" class=\"alignleft size-full wp-image-16261\" title=\"SOM-logo\" src=\"http:\/\/www.elsindical.com.ar\/notas\/var\/www\/html\/notas\/wp-content\/uploads\/2011\/08\/SOM-logo.jpg\" alt=\"\" width=\"148\" height=\"188\" \/><\/a>El Sindicato Obreros de Maestranza (SOM) anunci\u00f3 que el pr\u00f3ximo jueves se reunir\u00e1 nuevamente con los representantes de las c\u00e1maras empresarias de ese sector para reclamar un segundo aumento salarial para este a\u00f1o.<\/em><\/p>\n<p style=\"text-align: justify;\">En el marco de las paritarias, los representantes del gremio, encabezado por el secretario general, Oscar Rojas, ya se sentaron en la mesa de negociaciones con los representantes de las c\u00e1maras empresarias, reclamando elevar el salario para el segundo semestre del 2011.<\/p>\n<p style=\"text-align: justify;\">El objetivo que persigue ahora el SOM, es elevar en este segundo semestre el salario m\u00ednimo en esa actividad de 2.700 a 3.500 pesos por mes.<\/p>\n<p style=\"text-align: justify;\">El gremio con 45 mil afiliados hab\u00eda conseguido en el primer semestre, un aumento salarial del 28,5 por ciento en un acuerdo semestral con tenia vigencia desde el 1 de Marzo, al 31 de julio pasado, que elev\u00f3 el salario b\u00e1sico en esa actividad a 2.700 pesos.<\/p>\n<p style=\"text-align: justify;\">El SOM adelant\u00f3 que si bien tanto los representantes de la CGT y de la CTA se aprestan a sentarse a negociar con empresarios y el Gobierno un nuevo incremento para el Salario M\u00ednimo, Vital y M\u00f3vil, no ser\u00e1 impedimento alguno para llegar a un entendimiento con las c\u00e1mara del sector en las reuniones que se avecinan.<\/p>\n<p style=\"text-align: justify;\">En un comunicado, Rojas asegur\u00f3 que \u00abes necesario y urgente otorgar un aumento para los trabajadores de maestranza y llevar el salario b\u00e1sico a 3.500 pesos\u00bb.<\/p>\n<p style=\"text-align: justify;\">Agreg\u00f3 que con 2.700 pesos de salario \u00abnuestros trabajadores deben que hacer magia para llegar a fin de mes, as\u00ed que esperamos llegar a un entendimiento lo mas urgente posible con nuestros patrones dado que, los incremento de precios en los supermercados sigue haciendo triza nuestro poder adquisitivo\u00bb.<\/p>\n<p style=\"text-align: justify;\">Enfatiz\u00f3 adem\u00e1s \u00abes falso y mentiroso que desde la Uni\u00f3n Industrial Argentina se diga que, otorgar un aumento salarial en este contexto es contribuir a la informalidad laboral\u00bb.<\/p>\n<p style=\"text-align: justify;\">En tanto, el secretario gremial del SOM, Leonardo Cardinale, asegur\u00f3 que \u00ablos aportes patronales son m\u00ednimos para un trabajador de nuestro sector, no reconocerlo como tal, si es estar engrosando las listas del trabajo en negro en el pa\u00eds\u00bb.<\/p>\n<p style=\"text-align: justify;\">Por el eso el dirigente sostuvo que \u00abcada vez que un trabajador sale a reclamar salarios los bufones de la UIA salen a sembrar terror en la sociedad, no es ni inviable, ni desproporcionado otorgar un nuevo aumento para este a\u00f1o, el (SOM) firmo su acuerdo salarial por 180 d\u00edas, ahora es menester volver a discutir salarios para el siguiente semestre\u00bb.<\/p>\n","protected":false},"excerpt":{"rendered":"<p>El Sindicato Obreros de Maestranza (SOM) anunci\u00f3 que el pr\u00f3ximo jueves se reunir\u00e1 nuevamente con los representantes de las c\u00e1maras empresarias de ese sector para reclamar un segundo aumento salarial para este a\u00f1o. En el marco de las paritarias, los representantes del gremio, encabezado por el secretario general, Oscar Rojas, ya se sentaron en la&hellip;<\/p>\n","protected":false},"author":1,"featured_media":0,"comment_status":"open","ping_status":"open","sticky":false,"template":"","format":"standard","meta":{"footnotes":""},"categories":[16],"tags":[357,873,7929,2107,5758],"class_list":["post-16260","post","type-post","status-publish","format-standard","hentry","category-gremiales","tag-aumento","tag-gremio","tag-obreros-de-maestranza","tag-paritarias","tag-som"],"_links":{"self":[{"href":"https:\/\/www.elsindical.com.ar\/notas\/wp-json\/wp\/v2\/posts\/16260","targetHints":{"allow":["GET"]}}],"collection":[{"href":"https:\/\/www.elsindical.com.ar\/notas\/wp-json\/wp\/v2\/posts"}],"about":[{"href":"https:\/\/www.elsindical.com.ar\/notas\/wp-json\/wp\/v2\/types\/post"}],"author":[{"embeddable":true,"href":"https:\/\/www.elsindical.com.ar\/notas\/wp-json\/wp\/v2\/users\/1"}],"replies":[{"embeddable":true,"href":"https:\/\/www.elsindical.com.ar\/notas\/wp-json\/wp\/v2\/comments?post=16260"}],"version-history":[{"count":3,"href":"https:\/\/www.elsindical.com.ar\/notas\/wp-json\/wp\/v2\/posts\/16260\/revisions"}],"predecessor-version":[{"id":16264,"href":"https:\/\/www.elsindical.com.ar\/notas\/wp-json\/wp\/v2\/posts\/16260\/revisions\/16264"}],"wp:attachment":[{"href":"https:\/\/www.elsindical.com.ar\/notas\/wp-json\/wp\/v2\/media?parent=16260"}],"wp:term":[{"taxonomy":"category","embeddable":true,"href":"https:\/\/www.elsindical.com.ar\/notas\/wp-json\/wp\/v2\/categories?post=16260"},{"taxonomy":"post_tag","embeddable":true,"href":"https:\/\/www.elsindical.com.ar\/notas\/wp-json\/wp\/v2\/tags?post=16260"}],"curies":[{"name":"wp","href":"https:\/\/api.w.org\/{rel}","templated":true}]}}