{"id":16242,"date":"2011-08-23T21:30:08","date_gmt":"2011-08-24T00:30:08","guid":{"rendered":"http:\/\/www.elsindical.com.ar\/notas\/?p=16242"},"modified":"2011-08-23T21:30:08","modified_gmt":"2011-08-24T00:30:08","slug":"la-mentira-de-cabandie-sobre-nestor-para-atemorizar-a-su-apropiador","status":"publish","type":"post","link":"https:\/\/www.elsindical.com.ar\/notas\/la-mentira-de-cabandie-sobre-nestor-para-atemorizar-a-su-apropiador\/","title":{"rendered":"La mentira de Cabandi\u00e9 sobre N\u00e9stor para atemorizar a su apropiador"},"content":{"rendered":"<p style=\"text-align: justify;\"><em><a href=\"http:\/\/www.elsindical.com.ar\/notas\/var\/www\/html\/notas\/wp-content\/uploads\/2011\/08\/N\u00e9stor-y-Cristina-Kirchner-.jpg\"><img loading=\"lazy\" decoding=\"async\" class=\"alignleft size-medium wp-image-16243\" title=\"N\u00e9stor-y-Cristina-Kirchner-\" src=\"http:\/\/www.elsindical.com.ar\/notas\/var\/www\/html\/notas\/wp-content\/uploads\/2011\/08\/N\u00e9stor-y-Cristina-Kirchner--300x153.jpg\" alt=\"\" width=\"300\" height=\"153\" srcset=\"https:\/\/www.elsindical.com.ar\/notas\/var\/www\/html\/notas\/wp-content\/uploads\/2011\/08\/N\u00e9stor-y-Cristina-Kirchner--300x153.jpg 300w, https:\/\/www.elsindical.com.ar\/notas\/var\/www\/html\/notas\/wp-content\/uploads\/2011\/08\/N\u00e9stor-y-Cristina-Kirchner-.jpg 413w\" sizes=\"auto, (max-width: 300px) 100vw, 300px\" \/><\/a>El legislador nacido en la ESMA declar\u00f3 en una causa por robo de beb\u00e9s y confes\u00f3 que en 2004 hab\u00eda inventado una relaci\u00f3n pol\u00edtica con el ex presidente.<\/em><\/p>\n<p style=\"text-align: justify;\">El legislador Juan Cabandi\u00e9 declar\u00f3 hoy como testigo en una causa por robo de beb\u00e9s durante la \u00faltima dictadura y repas\u00f3 c\u00f3mo recuper\u00f3 su identidad tras haber sido apropiado reci\u00e9n nacido en la ESMA en 1978.<\/p>\n<p style=\"text-align: justify;\">Lo curioso del relato fue que el l\u00edder de la JP y La C\u00e1mpora confes\u00f3 que en 2004<strong> invent\u00f3 ante su apropiador<\/strong>, tras conocer los resultados de las pruebas de ADN, \u00abque<strong> el ex presidente N\u00e9stor Kirchner<\/strong> era una de las dos personas que sab\u00eda\u00bb que \u00e9l era hijo de desaparecidos.<\/p>\n<p style=\"text-align: justify;\">Seg\u00fan cont\u00f3 Cabandi\u00e9, \u00e9l le explic\u00f3 a su \u00abpadre\u00bb en 2004 que manten\u00eda una vinculaci\u00f3n pol\u00edtica con el fallecido presidente.<strong>\u00abFue como un manto de protecci\u00f3n<\/strong>\u00ab, remarc\u00f3, ante el ex polic\u00eda<strong> Luis Falco<\/strong>, <strong>condenado a 18 a\u00f1os de prisi\u00f3n<\/strong> hace unos meses, acusado de apropiaci\u00f3n ileg\u00edtima y sustracci\u00f3n de menores.<\/p>\n<p style=\"text-align: justify;\">Pocos a\u00f1os despu\u00e9s, parte de aquella \u00abmentira\u00bb se transform\u00f3 en realidad. Como legislador y hombre fuerte de la Juventud Peronista y La C\u00e1mpora, Cabandi\u00e9 comparti\u00f3 actos y encuentros kirchneristas con el ex presidente durante la gesti\u00f3n de Cristina Fern\u00e1ndez de Kirchner.<\/p>\n<p style=\"text-align: justify;\"><strong>Dos horas de testimonios<\/strong>. A su vez, Cabandi\u00e9 remarc\u00f3 que a\u00fan hay muchos \u00ab<strong>hijos entre comillas\u00bb<\/strong> de polic\u00edas federales que conoci\u00f3 en su infancia <strong>\u00abcon sospechas acerca de su identidad<\/strong>\u00bb y en el camino de despejar estas dudas a trav\u00e9s de los an\u00e1lisis gen\u00e9ticos.<\/p>\n<p style=\"text-align: justify;\">El legislador porte\u00f1o y nieto recuperado record\u00f3 esta ma\u00f1ana que su apropiador lo <strong>somet\u00eda a maltratos f\u00edsicos y verbales<\/strong> y que se apropi\u00f3 \u00abde un beb\u00e9 ajeno\u00bb para completar el cuadro de familia tipo \u00ab<strong>con la sensaci\u00f3n de impunidad<\/strong>\u00bb de esa \u00e9poca.<\/p>\n<p>Cabandi\u00e9 afirm\u00f3 que Luis Falco pudo robar un beb\u00e9 nacido en cautiverio gracias a su v\u00ednculo con el tambi\u00e9n <strong>ex polic\u00eda Samuel Miara<\/strong>, apropiador de los<strong> mellizos Reggiardo Tolosa,<\/strong> con quienes tuvo un v\u00ednculo muy cercano en su ni\u00f1ez.<\/p>\n<p>\u00abLos trat\u00e1bamos de primos y despu\u00e9s nos dijeron que los Miara hab\u00edan hecho un `gran acto de amor\u00b4 por ellos\u00bb, record\u00f3, sobre el momento en que se supo que ambos mellizos hab\u00edan sido apropiados en la \u00faltima dictadura militar.<\/p>\n<p>Cabandi\u00e9 record\u00f3 adem\u00e1s que Falco \u00ab<strong>se jactaba\u00bb <\/strong>de operativos, mostraba elementos sacados de allanamientos y actuaba como <strong>\u00abinfiltrado\u00bb<\/strong> por ejemplo en partidos y eventos del Mundial de F\u00fatbol de 1978 y adem\u00e1s usaba <strong>\u00abinsignias nazis<\/strong>\u00ab, inform\u00f3 la agencia <em>T\u00e9lam.<\/em><\/p>\n","protected":false},"excerpt":{"rendered":"<p>El legislador nacido en la ESMA declar\u00f3 en una causa por robo de beb\u00e9s y confes\u00f3 que en 2004 hab\u00eda inventado una relaci\u00f3n pol\u00edtica con el ex presidente. El legislador Juan Cabandi\u00e9 declar\u00f3 hoy como testigo en una causa por robo de beb\u00e9s durante la \u00faltima dictadura y repas\u00f3 c\u00f3mo recuper\u00f3 su identidad tras haber&hellip;<\/p>\n","protected":false},"author":1,"featured_media":0,"comment_status":"open","ping_status":"open","sticky":false,"template":"","format":"standard","meta":{"footnotes":""},"categories":[13],"tags":[7924,5499,508,3361,6983,275,824,7925,767,755,116,7926],"class_list":["post-16242","post","type-post","status-publish","format-standard","hentry","category-politica","tag-apropiador","tag-bebes","tag-desaparecidos","tag-esma","tag-juan-cabandie","tag-juicio","tag-legislador","tag-luis-falco","tag-nestor-kirchner","tag-policias-federales","tag-robo","tag-samuel-miara"],"_links":{"self":[{"href":"https:\/\/www.elsindical.com.ar\/notas\/wp-json\/wp\/v2\/posts\/16242","targetHints":{"allow":["GET"]}}],"collection":[{"href":"https:\/\/www.elsindical.com.ar\/notas\/wp-json\/wp\/v2\/posts"}],"about":[{"href":"https:\/\/www.elsindical.com.ar\/notas\/wp-json\/wp\/v2\/types\/post"}],"author":[{"embeddable":true,"href":"https:\/\/www.elsindical.com.ar\/notas\/wp-json\/wp\/v2\/users\/1"}],"replies":[{"embeddable":true,"href":"https:\/\/www.elsindical.com.ar\/notas\/wp-json\/wp\/v2\/comments?post=16242"}],"version-history":[{"count":2,"href":"https:\/\/www.elsindical.com.ar\/notas\/wp-json\/wp\/v2\/posts\/16242\/revisions"}],"predecessor-version":[{"id":16245,"href":"https:\/\/www.elsindical.com.ar\/notas\/wp-json\/wp\/v2\/posts\/16242\/revisions\/16245"}],"wp:attachment":[{"href":"https:\/\/www.elsindical.com.ar\/notas\/wp-json\/wp\/v2\/media?parent=16242"}],"wp:term":[{"taxonomy":"category","embeddable":true,"href":"https:\/\/www.elsindical.com.ar\/notas\/wp-json\/wp\/v2\/categories?post=16242"},{"taxonomy":"post_tag","embeddable":true,"href":"https:\/\/www.elsindical.com.ar\/notas\/wp-json\/wp\/v2\/tags?post=16242"}],"curies":[{"name":"wp","href":"https:\/\/api.w.org\/{rel}","templated":true}]}}