{"id":16178,"date":"2011-08-20T18:50:23","date_gmt":"2011-08-20T21:50:23","guid":{"rendered":"http:\/\/www.elsindical.com.ar\/notas\/?p=16178"},"modified":"2011-08-20T18:50:23","modified_gmt":"2011-08-20T21:50:23","slug":"denuncian-que-la-patota-de-cavalieri-volvio-a-atacar-una-asamblea-de-trabajadores","status":"publish","type":"post","link":"https:\/\/www.elsindical.com.ar\/notas\/denuncian-que-la-patota-de-cavalieri-volvio-a-atacar-una-asamblea-de-trabajadores\/","title":{"rendered":"Denuncian que la patota de Cavalieri volvi\u00f3 a atacar una asamblea de trabajadores"},"content":{"rendered":"<p style=\"text-align: justify;\"><a href=\"http:\/\/www.elsindical.com.ar\/notas\/var\/www\/html\/notas\/wp-content\/uploads\/2011\/08\/Sindicato-Personal-Jer\u00e1rqui.jpg\"><img loading=\"lazy\" decoding=\"async\" class=\"alignleft size-medium wp-image-16179\" title=\"Sindicato-Personal-Jer\u00e1rqui\" src=\"http:\/\/www.elsindical.com.ar\/notas\/var\/www\/html\/notas\/wp-content\/uploads\/2011\/08\/Sindicato-Personal-Jer\u00e1rqui-300x225.jpg\" alt=\"\" width=\"300\" height=\"225\" srcset=\"https:\/\/www.elsindical.com.ar\/notas\/var\/www\/html\/notas\/wp-content\/uploads\/2011\/08\/Sindicato-Personal-Jer\u00e1rqui-300x225.jpg 300w, https:\/\/www.elsindical.com.ar\/notas\/var\/www\/html\/notas\/wp-content\/uploads\/2011\/08\/Sindicato-Personal-Jer\u00e1rqui.jpg 413w\" sizes=\"auto, (max-width: 300px) 100vw, 300px\" \/><\/a>Empleados de la empresa de capitales franceses denunciaron nuevos \u201caprietes\u201d por parte de la compa\u00f1\u00eda en la sucursal V\u00e9lez S\u00e1rsfield, del barrio de Liniers. All\u00ed, el viernes pasado una patota encabezada por el delegado cavalierista Jos\u00e9 Carlos Torres, junto a 15 sujetos vestidas con chalecos de Carrefour y leyendas que dec\u00edan \u00abCarrefour, Un sentimiento\u00bb, interrumpieron una asamblea de un grupo de trabajadores jer\u00e1rquicos en el patio de comidas, y bajo amenazas de muerte la disolvieron.<\/p>\n<p style=\"text-align: justify;\">Luego se supo que Jos\u00e9 C. Torres, adem\u00e1s de delegado del personal convencionado de la sucursal Velez Sarfield, es congresal de la Federaci\u00f3n de Empleados de Comercio y Afines (Faecys) por la lista de Armando Cavalieri.<\/p>\n<p style=\"text-align: justify;\">Aunque la asamblea en cuesti\u00f3n no afectaba ning\u00fan inter\u00e9s gremial de Torres dado que se trata del Sindicato del Personal Jer\u00e1rquico del Comercio, la empresa los utiliza como fuerza de choque para amedrentar cualquier tipo de organizaci\u00f3n por parte de los trabajadores sean estos convencionados o no.<\/p>\n<p>\u201cSalgan de ac\u00e1 porque son boleta\u201d, les dijeron a los delegados y los invitaron a salir, con la advertencia que de no hacerlo llamar\u00edan a los de \u00abWarnes y Salguero\u00bb. En referencia a los delegados de las otras sucursales, en el gremio se sabe que *\u00bbcon esos muchachos es mejor no meterse\u00bb.<\/p>\n<p style=\"text-align: justify;\">Carrefour Salguero siempre fue un ambiente complicado, en el mes de marzo apareci\u00f3 en los diarios y no precisamente por sus ofertas sino porque tres empleados de esa sucursal fueron detenidos y acusados de ser autores del crimen del joven Jano Fern\u00e1ndez a quien asesinaron con un bate de b\u00e9isbol a\u00a0la salida de una disco, una de las hip\u00f3tesis que manejaba la justicia era que lo hab\u00edan confundido con un militante de la lista opositora a Armando Cavalieri que esa misma noche se encontraban en la zona pegando afiches con las propuestas electorales.<\/p>\n<p>\u201cEst\u00e1bamos reunidos con los trabajadores jer\u00e1rquicos en el patio de comidas de esa sucursal hasta que una patota de m\u00e1s o menos 15 personas se acerc\u00f3 y nos dijo que nos vayamos de forma inmediata\u201d, se\u00f1al\u00f3 Mart\u00edn Fonseca, representante gremial del Sindicato de Trabajadores Jer\u00e1rquicos de Comercio en declaraciones al diario online 24CON. Y agreg\u00f3: \u201cTextualmente me dijeron \u2018Flaco, salgan porque son boleta, ac\u00e1 en Capital ustedes no se pueden juntar\u2019\u201d, record\u00f3 el delegado de la zona sur y empleado de la sucursal de la Avenida Pav\u00f3n en Avellaneda.<\/p>\n<p>La situaci\u00f3n, sin embargo, adquiere m\u00e1s gravedad luego de conocerse el dato de que la apretada a los empleados fue presuntamente ordenada por personal jer\u00e1rquico. \u201cEl director de la sucursal, Pablo Longo, estaba a dos mesas y vio toda la situaci\u00f3n. La informaci\u00f3n que nos lleg\u00f3 es que fue \u00e9l quien mand\u00f3 a que nos saquen\u201d, agreg\u00f3 Fonseca y destac\u00f3 :\u201cyo milito hace a\u00f1os y estoy acostumbrado a esas cosas, pero sent\u00ed la presi\u00f3n y me tuve que retirar para evitar cualquier conflicto.\u201d En esta l\u00ednea, los trabajadores contaron adem\u00e1s que minutos antes de la amenaza, un escribano llevado por la empresa trat\u00f3 de identificarlos y sigui\u00f3 de cerca c\u00f3mo se desarrollaba la situaci\u00f3n.<\/p>\n<p>La protesta de los trabajadores coincide con muchos reclamos en empresas multinacionales que no respetan las condiciones laborales convencionales.<\/p>\n<p style=\"text-align: justify;\">Los trabajadores de Carrefour piden una recomposici\u00f3n salarial en los cargos por coordinaci\u00f3n de grupos ya que cobran menos que el personal a su cargo y no cobran antig\u00fcedad ni adicionales. Asimismo, desde agosto, en la sucursal V\u00e9lez Sarfield decidieron no trabajar los d\u00edas domingos \u2013ya que se les paga como un d\u00eda normal\u2013. La empresa contest\u00f3 con cartas-documento informando suspensiones para quienes cumplan con la medida. \u201cTambi\u00e9n se registraron despidos en otras sucursales del pa\u00eds como forma de \u2018meter miedo\u2019 a los trabajadores\u201d, consider\u00f3 Fonseca, quien agreg\u00f3 que el pedido de mejores condiciones laborales fue denunciado ante el Ministerio de Trabajo, Empleo y Seguridad Social.<\/p>\n<p>Este caso se suma a una larga lista de \u201caprietes y presi\u00f3n\u201d por parte de la empresa, cuyo caso m\u00e1s resonante fue el de V\u00edctor Hugo L\u00f3pez, quien fue despedido de forma injustificada y la empresa incumple con la medida cautelar de reincorporarlo, seg\u00fan consta en la causa que se tramita ante el Juzgado Nacional del Trabajo N\u00b0 49.<\/p>\n<p>L\u00f3pez fue interceptado a la salida del trabajo por una patota que lo agredi\u00f3 y lo dej\u00f3 en terapia intensiva a poco de ser elegido delegado gremial.<\/p>\n","protected":false},"excerpt":{"rendered":"<p>Empleados de la empresa de capitales franceses denunciaron nuevos \u201caprietes\u201d por parte de la compa\u00f1\u00eda en la sucursal V\u00e9lez S\u00e1rsfield, del barrio de Liniers. All\u00ed, el viernes pasado una patota encabezada por el delegado cavalierista Jos\u00e9 Carlos Torres, junto a 15 sujetos vestidas con chalecos de Carrefour y leyendas que dec\u00edan \u00abCarrefour, Un sentimiento\u00bb, interrumpieron&hellip;<\/p>\n","protected":false},"author":1,"featured_media":0,"comment_status":"open","ping_status":"open","sticky":false,"template":"","format":"standard","meta":{"footnotes":""},"categories":[6],"tags":[3960,7893,1878,7894,7895],"class_list":["post-16178","post","type-post","status-publish","format-standard","hentry","category-denuncias","tag-carrefour","tag-juan-carlos-torres","tag-liniers","tag-sucursal-velez-sarfield","tag-trabajadores-jerarquicos"],"_links":{"self":[{"href":"https:\/\/www.elsindical.com.ar\/notas\/wp-json\/wp\/v2\/posts\/16178","targetHints":{"allow":["GET"]}}],"collection":[{"href":"https:\/\/www.elsindical.com.ar\/notas\/wp-json\/wp\/v2\/posts"}],"about":[{"href":"https:\/\/www.elsindical.com.ar\/notas\/wp-json\/wp\/v2\/types\/post"}],"author":[{"embeddable":true,"href":"https:\/\/www.elsindical.com.ar\/notas\/wp-json\/wp\/v2\/users\/1"}],"replies":[{"embeddable":true,"href":"https:\/\/www.elsindical.com.ar\/notas\/wp-json\/wp\/v2\/comments?post=16178"}],"version-history":[{"count":1,"href":"https:\/\/www.elsindical.com.ar\/notas\/wp-json\/wp\/v2\/posts\/16178\/revisions"}],"predecessor-version":[{"id":16180,"href":"https:\/\/www.elsindical.com.ar\/notas\/wp-json\/wp\/v2\/posts\/16178\/revisions\/16180"}],"wp:attachment":[{"href":"https:\/\/www.elsindical.com.ar\/notas\/wp-json\/wp\/v2\/media?parent=16178"}],"wp:term":[{"taxonomy":"category","embeddable":true,"href":"https:\/\/www.elsindical.com.ar\/notas\/wp-json\/wp\/v2\/categories?post=16178"},{"taxonomy":"post_tag","embeddable":true,"href":"https:\/\/www.elsindical.com.ar\/notas\/wp-json\/wp\/v2\/tags?post=16178"}],"curies":[{"name":"wp","href":"https:\/\/api.w.org\/{rel}","templated":true}]}}