{"id":16173,"date":"2011-08-20T14:47:34","date_gmt":"2011-08-20T17:47:34","guid":{"rendered":"http:\/\/www.elsindical.com.ar\/notas\/?p=16173"},"modified":"2011-08-20T14:48:01","modified_gmt":"2011-08-20T17:48:01","slug":"confirman-un-aumento-del-abl-porteno-a-partir-del-2012","status":"publish","type":"post","link":"https:\/\/www.elsindical.com.ar\/notas\/confirman-un-aumento-del-abl-porteno-a-partir-del-2012\/","title":{"rendered":"Confirman un aumento del ABL porte\u00f1o a partir del 2012"},"content":{"rendered":"<div style=\"text-align: justify;\"><em><a href=\"http:\/\/www.elsindical.com.ar\/notas\/var\/www\/html\/notas\/wp-content\/uploads\/2011\/08\/N\u00e9stor-Grindetti-ministro-d.jpg\"><img loading=\"lazy\" decoding=\"async\" class=\"alignleft size-medium wp-image-16174\" title=\"N\u00e9stor-Grindetti-ministro-d\" src=\"http:\/\/www.elsindical.com.ar\/notas\/var\/www\/html\/notas\/wp-content\/uploads\/2011\/08\/N\u00e9stor-Grindetti-ministro-d-300x175.jpg\" alt=\"\" width=\"300\" height=\"175\" srcset=\"https:\/\/www.elsindical.com.ar\/notas\/var\/www\/html\/notas\/wp-content\/uploads\/2011\/08\/N\u00e9stor-Grindetti-ministro-d-300x175.jpg 300w, https:\/\/www.elsindical.com.ar\/notas\/var\/www\/html\/notas\/wp-content\/uploads\/2011\/08\/N\u00e9stor-Grindetti-ministro-d.jpg 413w\" sizes=\"auto, (max-width: 300px) 100vw, 300px\" \/><\/a>El ministro de Econom\u00eda porte\u00f1o, N\u00e9stor Grindetti, confirm\u00f3 hoy que el impuesto por Alumbrado, Barrido y Limpieza (ABL) aumentar\u00e1 para 2012 por \u00abefecto de la inflaci\u00f3n\u00bb, aunque reconoci\u00f3 que \u00abtodav\u00eda no hay una definici\u00f3n\u00bb sobre el porcentaje de incremento, que deber\u00e1 ser aprobado por la Legislatura.<\/em><\/div>\n<div style=\"text-align: justify;\">\u00a0<\/div>\n<div style=\"text-align: justify;\">No obstante, precis\u00f3 que el incremento podr\u00eda ajustarse seg\u00fan el barrio y \u00abla diferencia entre la valuaci\u00f3n fiscal y la valuaci\u00f3n real de la propiedad\u00bb.<\/div>\n<div style=\"text-align: justify;\">\u00a0<\/div>\n<div style=\"text-align: justify;\">\u00abEmpieza el estudio del Presupuesto del a\u00f1o que viene. El 30 de septiembre, de acuerdo con la Constituci\u00f3n, tenemos que presentarlo en al Legislatura.<\/div>\n<div style=\"text-align: justify;\">\u00a0<\/div>\n<div style=\"text-align: justify;\">Estamos estudiando los ingresos, los gastos y los efectos de la inflaci\u00f3n sobre los ingresos y los gastos\u00bb, explic\u00f3 el funcionario macrista a radio La Red.<\/div>\n<div style=\"text-align: justify;\">\u00a0<\/div>\n<div style=\"text-align: justify;\">Grindetti se\u00f1al\u00f3 que \u00abno estamos pensando en aumento de al\u00edcuotas de ning\u00fan tipo de impuesto: ni de ingresos brutos, ni de sellos ni de ABL. Lo que estamos viendo es el efecto de la inflaci\u00f3n sobre aquellos que no se ajustan autom\u00e1ticamente\u00bb.<\/div>\n<div style=\"text-align: justify;\">\u00a0<\/div>\n<div style=\"text-align: justify;\">En ese sentido, dijo que la inflaci\u00f3n \u00abpega por el lado de los gastos, tambi\u00e9n tiene que pegar por el lado de los ingresos. No sabemos todav\u00eda cu\u00e1nto es, c\u00f3mo es, c\u00f3mo lo vamos a hacer. No hay una definici\u00f3n\u00bb.<\/div>\n<div style=\"text-align: justify;\">\u00a0<\/div>\n<div style=\"text-align: justify;\">\u00abEsto va a ser elevado a la Legislatura. No puede ser una decisi\u00f3n del Ejecutivo, tiene que ser aprobado por la Legislatura. Va a ser presentado el 30 de septiembre para que se trate alrededor de octubre o noviembre. Todav\u00eda no tenemos una posici\u00f3n definitiva: se va analizando el efecto de la inflaci\u00f3n\u00bb, continu\u00f3.<\/div>\n<div style=\"text-align: justify;\">\u00a0<\/div>\n<div style=\"text-align: justify;\">El ministro precis\u00f3 que \u00abtodo aumenta. Por ABL se recaudan 1.500 millones de pesos, que es lo que se gasta solamente de recolecci\u00f3n de residuos. Hace 10 \u00f3 15 a\u00f1os (este impuesto) representaba el 20 por ciento de los impuestos y hoy no llega al 7\u00bb.<\/div>\n<div style=\"text-align: justify;\">\u00a0<\/div>\n<div style=\"text-align: justify;\">\u00abHay distorsiones enormes donde el impuesto es realmente bajo. Nunca se actualizan las bases imponibles. Estamos viendo c\u00f3mo actualizarlos para ser justos: en qu\u00e9 barrios corresponde, qui\u00e9nes tienen m\u00e1s diferencia entre la valuaci\u00f3n fiscal y la valuaci\u00f3n real de la propiedad\u00bb, a\u00f1adi\u00f3.<\/div>\n","protected":false},"excerpt":{"rendered":"<p>El ministro de Econom\u00eda porte\u00f1o, N\u00e9stor Grindetti, confirm\u00f3 hoy que el impuesto por Alumbrado, Barrido y Limpieza (ABL) aumentar\u00e1 para 2012 por \u00abefecto de la inflaci\u00f3n\u00bb, aunque reconoci\u00f3 que \u00abtodav\u00eda no hay una definici\u00f3n\u00bb sobre el porcentaje de incremento, que deber\u00e1 ser aprobado por la Legislatura. \u00a0 No obstante, precis\u00f3 que el incremento podr\u00eda ajustarse&hellip;<\/p>\n","protected":false},"author":1,"featured_media":0,"comment_status":"open","ping_status":"open","sticky":false,"template":"","format":"standard","meta":{"footnotes":""},"categories":[13],"tags":[2381,357,22023,1799,449,4901,7892,7274],"class_list":["post-16173","post","type-post","status-publish","format-standard","hentry","category-politica","tag-abl","tag-aumento","tag-economia","tag-inflacion","tag-legislatura","tag-ministro-de-economia","tag-nestro-grindetti","tag-porcentaje"],"_links":{"self":[{"href":"https:\/\/www.elsindical.com.ar\/notas\/wp-json\/wp\/v2\/posts\/16173","targetHints":{"allow":["GET"]}}],"collection":[{"href":"https:\/\/www.elsindical.com.ar\/notas\/wp-json\/wp\/v2\/posts"}],"about":[{"href":"https:\/\/www.elsindical.com.ar\/notas\/wp-json\/wp\/v2\/types\/post"}],"author":[{"embeddable":true,"href":"https:\/\/www.elsindical.com.ar\/notas\/wp-json\/wp\/v2\/users\/1"}],"replies":[{"embeddable":true,"href":"https:\/\/www.elsindical.com.ar\/notas\/wp-json\/wp\/v2\/comments?post=16173"}],"version-history":[{"count":3,"href":"https:\/\/www.elsindical.com.ar\/notas\/wp-json\/wp\/v2\/posts\/16173\/revisions"}],"predecessor-version":[{"id":16177,"href":"https:\/\/www.elsindical.com.ar\/notas\/wp-json\/wp\/v2\/posts\/16173\/revisions\/16177"}],"wp:attachment":[{"href":"https:\/\/www.elsindical.com.ar\/notas\/wp-json\/wp\/v2\/media?parent=16173"}],"wp:term":[{"taxonomy":"category","embeddable":true,"href":"https:\/\/www.elsindical.com.ar\/notas\/wp-json\/wp\/v2\/categories?post=16173"},{"taxonomy":"post_tag","embeddable":true,"href":"https:\/\/www.elsindical.com.ar\/notas\/wp-json\/wp\/v2\/tags?post=16173"}],"curies":[{"name":"wp","href":"https:\/\/api.w.org\/{rel}","templated":true}]}}