{"id":16140,"date":"2011-08-19T11:11:38","date_gmt":"2011-08-19T14:11:38","guid":{"rendered":"http:\/\/www.elsindical.com.ar\/notas\/?p=16140"},"modified":"2011-08-19T11:11:38","modified_gmt":"2011-08-19T14:11:38","slug":"schoklender-busca-que-las-madres-no-sean-querellantes-en-la-causa","status":"publish","type":"post","link":"https:\/\/www.elsindical.com.ar\/notas\/schoklender-busca-que-las-madres-no-sean-querellantes-en-la-causa\/","title":{"rendered":"Schoklender busca que las Madres no sean querellantes en la causa"},"content":{"rendered":"<p style=\"text-align: justify;\"><em><a href=\"http:\/\/www.elsindical.com.ar\/notas\/var\/www\/html\/notas\/wp-content\/uploads\/2011\/06\/Tenca-y-Schoklender.jpg\"><img loading=\"lazy\" decoding=\"async\" class=\"alignleft size-medium wp-image-14879\" title=\"Tenca-y-Schoklender\" src=\"http:\/\/www.elsindical.com.ar\/notas\/var\/www\/html\/notas\/wp-content\/uploads\/2011\/06\/Tenca-y-Schoklender-300x225.jpg\" alt=\"\" width=\"300\" height=\"225\" srcset=\"https:\/\/www.elsindical.com.ar\/notas\/var\/www\/html\/notas\/wp-content\/uploads\/2011\/06\/Tenca-y-Schoklender-300x225.jpg 300w, https:\/\/www.elsindical.com.ar\/notas\/var\/www\/html\/notas\/wp-content\/uploads\/2011\/06\/Tenca-y-Schoklender.jpg 413w\" sizes=\"auto, (max-width: 300px) 100vw, 300px\" \/><\/a>La defensa del ex apoderado se lo reclam\u00f3 al juez porque el patrocinio de la Asociaci\u00f3n es un funcionario <strong>p\u00fablico de la ciudad.<\/strong><\/em><\/p>\n<p style=\"text-align: justify;\">Los abogados de Sergio Schoklender reclamaron ante el Juez Federal, Norberto Oyarbide, que revea su decisi\u00f3n de aceptar a la <em>Asociaci\u00f3n Madres de Plaza de Mayo<\/em> como querellante en la causa donde se investiga el presunto desv\u00edo de fondos p\u00fablicos para la construcci\u00f3n de viviendas.<\/p>\n<p>Los abogados que defienden al ex apoderado de la organizaci\u00f3n, <strong>Adri\u00e1n Tenca y Horacio Pitrau<\/strong>, se\u00f1alaron al magistrado que el patrocinio de Madres qued\u00f3 a cargo de <strong>Eduardo Fachal<\/strong>, actual <strong>Jefe del \u00e1rea de Control Comunal de la Defensor\u00eda porte\u00f1a<\/strong>, raz\u00f3n por la cual buscan impugnarlo.<\/p>\n<p>Seg\u00fan public\u00f3 esta ma\u00f1ana el diario <em>Clar\u00edn<\/em>, se viola la <strong>Ley de \u00c9tica P\u00fablica<\/strong> que advierte que \u00abes incompatible con el ejercicio de la funci\u00f3n p\u00fablica dirigir, administrar, patrocinar, etc\u00bb a quien realice actividades reguladas por \u00e9ste. En el caso de <strong>Fachal<\/strong>, en especial, hay intervenci\u00f3n en el control de las actividades en la ciudad en<em> Sue\u00f1os Compartidos<\/em>.<\/p>\n<p>Schoklender busca que se ponga la lupa sobre la Asociaci\u00f3n para que se los investigue por defraudaci\u00f3n al Estado.<\/p>\n","protected":false},"excerpt":{"rendered":"<p>La defensa del ex apoderado se lo reclam\u00f3 al juez porque el patrocinio de la Asociaci\u00f3n es un funcionario p\u00fablico de la ciudad. Los abogados de Sergio Schoklender reclamaron ante el Juez Federal, Norberto Oyarbide, que revea su decisi\u00f3n de aceptar a la Asociaci\u00f3n Madres de Plaza de Mayo como querellante en la causa donde&hellip;<\/p>\n","protected":false},"author":1,"featured_media":0,"comment_status":"open","ping_status":"open","sticky":false,"template":"","format":"standard","meta":{"footnotes":""},"categories":[20],"tags":[760,7870,7872,7869,849,7871,7874,1236,7873],"class_list":["post-16140","post","type-post","status-publish","format-standard","hentry","category-judiciales","tag-abogados","tag-adrian-tenca","tag-asociacion-de-madres-de-plaza-de-mayo","tag-eduardo-fachal","tag-estado","tag-horacio-pitrau","tag-ley-de-etica-publica","tag-sergio-schoklender","tag-suenos-compartidos"],"_links":{"self":[{"href":"https:\/\/www.elsindical.com.ar\/notas\/wp-json\/wp\/v2\/posts\/16140","targetHints":{"allow":["GET"]}}],"collection":[{"href":"https:\/\/www.elsindical.com.ar\/notas\/wp-json\/wp\/v2\/posts"}],"about":[{"href":"https:\/\/www.elsindical.com.ar\/notas\/wp-json\/wp\/v2\/types\/post"}],"author":[{"embeddable":true,"href":"https:\/\/www.elsindical.com.ar\/notas\/wp-json\/wp\/v2\/users\/1"}],"replies":[{"embeddable":true,"href":"https:\/\/www.elsindical.com.ar\/notas\/wp-json\/wp\/v2\/comments?post=16140"}],"version-history":[{"count":1,"href":"https:\/\/www.elsindical.com.ar\/notas\/wp-json\/wp\/v2\/posts\/16140\/revisions"}],"predecessor-version":[{"id":16141,"href":"https:\/\/www.elsindical.com.ar\/notas\/wp-json\/wp\/v2\/posts\/16140\/revisions\/16141"}],"wp:attachment":[{"href":"https:\/\/www.elsindical.com.ar\/notas\/wp-json\/wp\/v2\/media?parent=16140"}],"wp:term":[{"taxonomy":"category","embeddable":true,"href":"https:\/\/www.elsindical.com.ar\/notas\/wp-json\/wp\/v2\/categories?post=16140"},{"taxonomy":"post_tag","embeddable":true,"href":"https:\/\/www.elsindical.com.ar\/notas\/wp-json\/wp\/v2\/tags?post=16140"}],"curies":[{"name":"wp","href":"https:\/\/api.w.org\/{rel}","templated":true}]}}