{"id":16129,"date":"2011-08-19T01:06:55","date_gmt":"2011-08-19T04:06:55","guid":{"rendered":"http:\/\/www.elsindical.com.ar\/notas\/?p=16129"},"modified":"2011-08-19T01:06:55","modified_gmt":"2011-08-19T04:06:55","slug":"profundizan-la-busqueda-de-maria-del-carmen-cash","status":"publish","type":"post","link":"https:\/\/www.elsindical.com.ar\/notas\/profundizan-la-busqueda-de-maria-del-carmen-cash\/","title":{"rendered":"Profundizan la b\u00fasqueda de Mar\u00eda del Carmen Cash"},"content":{"rendered":"<div id=\"bajada\">\n<p style=\"text-align: justify;\"><em><a href=\"http:\/\/www.elsindical.com.ar\/notas\/var\/www\/html\/notas\/wp-content\/uploads\/2011\/08\/afiche-Mar\u00eda-del-Carmen-Cas.jpg\"><img loading=\"lazy\" decoding=\"async\" class=\"alignleft size-medium wp-image-16130\" title=\"afiche-Mar\u00eda-del-Carmen-Cas\" src=\"http:\/\/www.elsindical.com.ar\/notas\/var\/www\/html\/notas\/wp-content\/uploads\/2011\/08\/afiche-Mar\u00eda-del-Carmen-Cas-300x193.jpg\" alt=\"\" width=\"300\" height=\"193\" srcset=\"https:\/\/www.elsindical.com.ar\/notas\/var\/www\/html\/notas\/wp-content\/uploads\/2011\/08\/afiche-Mar\u00eda-del-Carmen-Cas-300x193.jpg 300w, https:\/\/www.elsindical.com.ar\/notas\/var\/www\/html\/notas\/wp-content\/uploads\/2011\/08\/afiche-Mar\u00eda-del-Carmen-Cas.jpg 413w\" sizes=\"auto, (max-width: 300px) 100vw, 300px\" \/><\/a>La joven dise\u00f1adora fue vista por \u00faltima vez el 8 de julio \u00faltimo en la provincia de Salta. Desde entonces s\u00f3lo se tienen escasos datos de su paradero. El Juez encargado de la causa ampli\u00f3 los allanamientos.<\/em><\/p>\n<\/div>\n<div id=\"texto\">\n<p style=\"text-align: justify;\">El Juez de Instrucci\u00f3n Formal de Octava Nominaci\u00f3n de Salta, <strong>Federico Diez<\/strong>, orden\u00f3 allanamientos y el establecimiento de controles policiales camineros en el marco de la b\u00fasqueda de <strong>Mar\u00eda Cash<\/strong>, seg\u00fan inform\u00f3 hoy el Poder Judicial salte\u00f1o a trav\u00e9s de un parte de prensa.<\/p>\n<p>La causa, denominada<em> \u201cinformativo sobre ubicaci\u00f3n de paradero de Cash, Mar\u00eda del Carmen\u201d<\/em>, acumula 830 fojas en cinco cuerpos, con diversas actuaciones de b\u00fasqueda que hasta ahora dieron resultados negativos.<\/p>\n<p>La \u00faltima vez que se la vio a Cash fue el 8 de julio, en la estaci\u00f3n de peaje de la firma Aunor, en el acceso a la ciudad de Salta, y desde la denuncia de su desaparici\u00f3n se realizaron distintas diligencias judiciales, entre ellas dos allanamientos en Rosario de la Frontera y en San Jos\u00e9 de Met\u00e1n.<\/p>\n<p>Adem\u00e1s, se concret\u00f3 otra medida similar en la provincia de Jujuy por orden de Diez, en cuyo marco se incluy\u00f3 un rastrillaje con efectivos policiales y perros adiestrados en una zona monta\u00f1osa juje\u00f1a que demand\u00f3 varios d\u00edas de trabajo.<\/p>\n<p>Tambi\u00e9n se libraron oficios al Ministerio de Salud P\u00fablica de Salta para que informe si es que se hubiera atendido en centros sanitarios, hospitales u hospitales de salud mental a Cash, pero estas diligencias tampoco arrojaron resultados positivos.<\/p>\n<p>Asimismo, en forma telef\u00f3nica se realizaron consultas en hospitales de Chaco, Formosa, Corrientes, Misiones, Tucum\u00e1n y Santiago del Estero respecto de la presencia de Cash o bien de una persona no identificada.<\/p>\n<p style=\"text-align: justify;\">Seg\u00fan los voceros de la causa, el magistrado salte\u00f1o trabaja en forma conjunta con el Juez de Instrucci\u00f3n Penal 2 de Jujuy,<strong> Francisco Ar\u00f3stegui<\/strong>.<\/p>\n<p>Por otro lado, se tomaron testimoniales a todas las personas que dijeron haberla visto para determinar el circuito realizado hasta el d\u00eda 8 de julio, y en el marco de la investigaci\u00f3n se recibieron muchos datos falsos y err\u00f3neos, lo que complic\u00f3 la tarea.<\/p>\n<\/div>\n","protected":false},"excerpt":{"rendered":"<p>La joven dise\u00f1adora fue vista por \u00faltima vez el 8 de julio \u00faltimo en la provincia de Salta. Desde entonces s\u00f3lo se tienen escasos datos de su paradero. El Juez encargado de la causa ampli\u00f3 los allanamientos. El Juez de Instrucci\u00f3n Formal de Octava Nominaci\u00f3n de Salta, Federico Diez, orden\u00f3 allanamientos y el establecimiento de&hellip;<\/p>\n","protected":false},"author":1,"featured_media":0,"comment_status":"open","ping_status":"open","sticky":false,"template":"","format":"standard","meta":{"footnotes":""},"categories":[20],"tags":[493,7863,7865,7864,41,7862,30],"class_list":["post-16129","post","type-post","status-publish","format-standard","hentry","category-judiciales","tag-allanamientos","tag-desaparecidda","tag-francisco-arostegui","tag-juez-federico-diez","tag-justicia","tag-maria-del-carmen-cash","tag-policia"],"_links":{"self":[{"href":"https:\/\/www.elsindical.com.ar\/notas\/wp-json\/wp\/v2\/posts\/16129","targetHints":{"allow":["GET"]}}],"collection":[{"href":"https:\/\/www.elsindical.com.ar\/notas\/wp-json\/wp\/v2\/posts"}],"about":[{"href":"https:\/\/www.elsindical.com.ar\/notas\/wp-json\/wp\/v2\/types\/post"}],"author":[{"embeddable":true,"href":"https:\/\/www.elsindical.com.ar\/notas\/wp-json\/wp\/v2\/users\/1"}],"replies":[{"embeddable":true,"href":"https:\/\/www.elsindical.com.ar\/notas\/wp-json\/wp\/v2\/comments?post=16129"}],"version-history":[{"count":1,"href":"https:\/\/www.elsindical.com.ar\/notas\/wp-json\/wp\/v2\/posts\/16129\/revisions"}],"predecessor-version":[{"id":16131,"href":"https:\/\/www.elsindical.com.ar\/notas\/wp-json\/wp\/v2\/posts\/16129\/revisions\/16131"}],"wp:attachment":[{"href":"https:\/\/www.elsindical.com.ar\/notas\/wp-json\/wp\/v2\/media?parent=16129"}],"wp:term":[{"taxonomy":"category","embeddable":true,"href":"https:\/\/www.elsindical.com.ar\/notas\/wp-json\/wp\/v2\/categories?post=16129"},{"taxonomy":"post_tag","embeddable":true,"href":"https:\/\/www.elsindical.com.ar\/notas\/wp-json\/wp\/v2\/tags?post=16129"}],"curies":[{"name":"wp","href":"https:\/\/api.w.org\/{rel}","templated":true}]}}