{"id":16125,"date":"2011-08-19T00:57:45","date_gmt":"2011-08-19T03:57:45","guid":{"rendered":"http:\/\/www.elsindical.com.ar\/notas\/?p=16125"},"modified":"2017-05-26T09:50:01","modified_gmt":"2017-05-26T12:50:01","slug":"la-marcha-de-las-putas-en-buenos-aires","status":"publish","type":"post","link":"https:\/\/www.elsindical.com.ar\/notas\/la-marcha-de-las-putas-en-buenos-aires\/","title":{"rendered":"La marcha de las putas en Buenos Aires"},"content":{"rendered":"<p style=\"text-align: justify;\"><em><a href=\"http:\/\/www.elsindical.com.ar\/notas\/var\/www\/html\/notas\/wp-content\/uploads\/2011\/08\/la-marcha-de-las-putas-2011.jpg\"><img loading=\"lazy\" decoding=\"async\" class=\"alignleft size-medium wp-image-16126\" title=\"la-marcha-de-las-putas-2011\" src=\"http:\/\/www.elsindical.com.ar\/notas\/var\/www\/html\/notas\/wp-content\/uploads\/2011\/08\/la-marcha-de-las-putas-2011-212x300.jpg\" alt=\"\" width=\"212\" height=\"300\" srcset=\"https:\/\/www.elsindical.com.ar\/notas\/var\/www\/html\/notas\/wp-content\/uploads\/2011\/08\/la-marcha-de-las-putas-2011-212x300.jpg 212w, https:\/\/www.elsindical.com.ar\/notas\/var\/www\/html\/notas\/wp-content\/uploads\/2011\/08\/la-marcha-de-las-putas-2011.jpg 236w\" sizes=\"auto, (max-width: 212px) 100vw, 212px\" \/><\/a>La Marcha de las Putas es un movimiento de protesta que surge en Canad\u00e1, cuando un polic\u00eda dijo \u00abLas mujeres deben dejar de vestirse como PUTAS para evitar ser violadas\u00bb. El movimiento le est\u00e1 dando la vuelta al mundo y ha llegado a Buenos Aires, te pedimos que marches por vos, por las dem\u00e1s, por todos; te pedimos que marches para que la sociedad entienda de una vez que debemos ser respetadxs sin importar nuestra edad, etnia, modo de vestir, vida sexual, etc.<\/em><\/p>\n<p>Te pedimos que marches para que se afirme tu derecho a decir NO. No es NO, la ausencia de un s\u00ed tambi\u00e9n es un no.<\/p>\n<p>Te pedimos que marches y le robes a cualquier agresor la palabra PUTA. Ya no es su palabra, ya no es su insulto, ya no tiene valor y ya no nos hace da\u00f1o. Si ella es puta, todas somos putas, vos, tu hermana, tu amiga, tu mam\u00e1, todas. Porque PUTA no es una JUSTIFICACI\u00d3N para acosar, asaltar ni agredir sexualmente.<\/p>\n<p>Hombres y mujeres, mujeres y hombres por igual. Por respeto, por igualdad, por sacudirnos estos mandatos patriarcales y comenzar a educar, para sacar el machismo de nuestra sociedad.<\/p>\n<p>El 19 de Agosto a las 18:00 ven\u00ed al Obelisco, concentrate con todos, llev\u00e1 pancartas, y si quer\u00e9s vestite con tus ropas m\u00e1s \u00abputas\u00bb para que el mensaje se imprima en las retinas de cualquiera. March\u00e1 con nosotrxs a la plaza del Congreso, ped\u00ed algo tan b\u00e1sico pero tan poco practicado como lo es el RESPETO.<\/p>\n<p>Porque NO es NO.<\/p>\n<p>IMPORTANTE:<\/p>\n<p>Queremos marchar sin perjudicar a nadie. Si bien vamos a andar por la calle, ya ha sido avisada la Direcci\u00f3n de Tr\u00e1nsito de la ciudad con casi un mes de antelaci\u00f3n. Te pedimos que no tires basura, que no pintes paredes ni destroces negocios. Te pedimos que no perjudiques a nadie, porque estamos pidiendo por respeto y respeto es lo que tenemos que dar.<\/p>\n<p>Esta es una marcha pac\u00edfica, es una marcha que llama la atenci\u00f3n, que no va dirigida para pedir ninguna ley, simplemente para que la sociedad se sacuda y abra los ojos. Para informar a todos y todas por igual, de que nunca m\u00e1s se va a tolerar la justificaci\u00f3n de una agresi\u00f3n sexual al culpabilizar a la v\u00edctima.<\/p>\n","protected":false},"excerpt":{"rendered":"<p>La Marcha de las Putas es un movimiento de protesta que surge en Canad\u00e1, cuando un polic\u00eda dijo \u00abLas mujeres deben dejar de vestirse como PUTAS para evitar ser violadas\u00bb. El movimiento le est\u00e1 dando la vuelta al mundo y ha llegado a Buenos Aires, te pedimos que marches por vos, por las dem\u00e1s, por&hellip;<\/p>\n","protected":false},"author":1,"featured_media":0,"comment_status":"open","ping_status":"open","sticky":false,"template":"","format":"standard","meta":{"footnotes":""},"categories":[25],"tags":[154,2011,3583,156,7861,2208],"class_list":["post-16125","post","type-post","status-publish","format-standard","hentry","category-sociedad","tag-buenos-aires","tag-canada","tag-derechos","tag-marcha","tag-putas","tag-rosario"],"_links":{"self":[{"href":"https:\/\/www.elsindical.com.ar\/notas\/wp-json\/wp\/v2\/posts\/16125","targetHints":{"allow":["GET"]}}],"collection":[{"href":"https:\/\/www.elsindical.com.ar\/notas\/wp-json\/wp\/v2\/posts"}],"about":[{"href":"https:\/\/www.elsindical.com.ar\/notas\/wp-json\/wp\/v2\/types\/post"}],"author":[{"embeddable":true,"href":"https:\/\/www.elsindical.com.ar\/notas\/wp-json\/wp\/v2\/users\/1"}],"replies":[{"embeddable":true,"href":"https:\/\/www.elsindical.com.ar\/notas\/wp-json\/wp\/v2\/comments?post=16125"}],"version-history":[{"count":3,"href":"https:\/\/www.elsindical.com.ar\/notas\/wp-json\/wp\/v2\/posts\/16125\/revisions"}],"predecessor-version":[{"id":68254,"href":"https:\/\/www.elsindical.com.ar\/notas\/wp-json\/wp\/v2\/posts\/16125\/revisions\/68254"}],"wp:attachment":[{"href":"https:\/\/www.elsindical.com.ar\/notas\/wp-json\/wp\/v2\/media?parent=16125"}],"wp:term":[{"taxonomy":"category","embeddable":true,"href":"https:\/\/www.elsindical.com.ar\/notas\/wp-json\/wp\/v2\/categories?post=16125"},{"taxonomy":"post_tag","embeddable":true,"href":"https:\/\/www.elsindical.com.ar\/notas\/wp-json\/wp\/v2\/tags?post=16125"}],"curies":[{"name":"wp","href":"https:\/\/api.w.org\/{rel}","templated":true}]}}