{"id":16093,"date":"2011-08-18T00:36:04","date_gmt":"2011-08-18T03:36:04","guid":{"rendered":"http:\/\/www.elsindical.com.ar\/notas\/?p=16093"},"modified":"2011-08-18T00:36:04","modified_gmt":"2011-08-18T03:36:04","slug":"trabajadores-denuncian-persecucion-en-canal-13-y-tn","status":"publish","type":"post","link":"https:\/\/www.elsindical.com.ar\/notas\/trabajadores-denuncian-persecucion-en-canal-13-y-tn\/","title":{"rendered":"Trabajadores denuncian persecuci\u00f3n en Canal 13 y TN"},"content":{"rendered":"<p style=\"text-align: justify;\"><em><a href=\"http:\/\/www.elsindical.com.ar\/notas\/var\/www\/html\/notas\/wp-content\/uploads\/2011\/08\/Canal-13-y-TN.jpg\"><img loading=\"lazy\" decoding=\"async\" class=\"alignleft size-full wp-image-16094\" title=\"Canal-13-y-TN\" src=\"http:\/\/www.elsindical.com.ar\/notas\/var\/www\/html\/notas\/wp-content\/uploads\/2011\/08\/Canal-13-y-TN.jpg\" alt=\"\" width=\"236\" height=\"177\" \/><\/a>La Uni\u00f3n de Trabajadores de Prensa de Buenos Aires (UTPBA) y la comisi\u00f3n gremial interna de canal 13 y TN reclamaron \u00ablibertad sindical\u00bb y explicaron que \u00abla empresa decidi\u00f3 avanzar en su pol\u00edtica de persecuci\u00f3n gremial, aprietes y amenazas de despidos de trabajadores\u00bb del sector.<\/em><\/p>\n<p style=\"text-align: justify;\">\u00abA la negativa a cumplir los fallos judiciales para reinstalar en sus puestos de trabajo a dos delegados, este mediod\u00eda oblig\u00f3 con la seguridad privada a retirarse de la empresa al representante gremial Brian Psenne\u00bb, se\u00f1alaron en un comunicado de prensa.<\/p>\n<p style=\"text-align: justify;\">\u00a0<\/p>\n<p style=\"text-align: justify;\">Agregaron que, de esa forma, \u00able impidi\u00f3 continuar cumpliendo su jornada laboral de ocho horas\u00bb, por lo que denunciaron \u00abel nuevo acto arbitrario, persecutorio y discriminatorio de canal 13 y TN y el intento encubierto de cesant\u00eda\u00bb.<\/p>\n<p style=\"text-align: justify;\">La UTPBA y los delegados exigieron respeto a \u00ablos derechos constitucionales, laborales y gremiales de todos los trabajadores de prensa\u00bb y demandaron \u00abinmediata libertad sindical\u00bb.<\/p>\n","protected":false},"excerpt":{"rendered":"<p>La Uni\u00f3n de Trabajadores de Prensa de Buenos Aires (UTPBA) y la comisi\u00f3n gremial interna de canal 13 y TN reclamaron \u00ablibertad sindical\u00bb y explicaron que \u00abla empresa decidi\u00f3 avanzar en su pol\u00edtica de persecuci\u00f3n gremial, aprietes y amenazas de despidos de trabajadores\u00bb del sector. \u00abA la negativa a cumplir los fallos judiciales para reinstalar&hellip;<\/p>\n","protected":false},"author":1,"featured_media":0,"comment_status":"open","ping_status":"open","sticky":false,"template":"","format":"standard","meta":{"footnotes":""},"categories":[6],"tags":[53,279,1167,71,125,3508],"class_list":["post-16093","post","type-post","status-publish","format-standard","hentry","category-denuncias","tag-despidos","tag-gremial","tag-libertad-sindical","tag-tn","tag-trabajadores","tag-utpba"],"_links":{"self":[{"href":"https:\/\/www.elsindical.com.ar\/notas\/wp-json\/wp\/v2\/posts\/16093","targetHints":{"allow":["GET"]}}],"collection":[{"href":"https:\/\/www.elsindical.com.ar\/notas\/wp-json\/wp\/v2\/posts"}],"about":[{"href":"https:\/\/www.elsindical.com.ar\/notas\/wp-json\/wp\/v2\/types\/post"}],"author":[{"embeddable":true,"href":"https:\/\/www.elsindical.com.ar\/notas\/wp-json\/wp\/v2\/users\/1"}],"replies":[{"embeddable":true,"href":"https:\/\/www.elsindical.com.ar\/notas\/wp-json\/wp\/v2\/comments?post=16093"}],"version-history":[{"count":1,"href":"https:\/\/www.elsindical.com.ar\/notas\/wp-json\/wp\/v2\/posts\/16093\/revisions"}],"predecessor-version":[{"id":16095,"href":"https:\/\/www.elsindical.com.ar\/notas\/wp-json\/wp\/v2\/posts\/16093\/revisions\/16095"}],"wp:attachment":[{"href":"https:\/\/www.elsindical.com.ar\/notas\/wp-json\/wp\/v2\/media?parent=16093"}],"wp:term":[{"taxonomy":"category","embeddable":true,"href":"https:\/\/www.elsindical.com.ar\/notas\/wp-json\/wp\/v2\/categories?post=16093"},{"taxonomy":"post_tag","embeddable":true,"href":"https:\/\/www.elsindical.com.ar\/notas\/wp-json\/wp\/v2\/tags?post=16093"}],"curies":[{"name":"wp","href":"https:\/\/api.w.org\/{rel}","templated":true}]}}