{"id":1604,"date":"2009-11-09T13:01:25","date_gmt":"2009-11-09T16:01:25","guid":{"rendered":"http:\/\/www.elsindical.com.ar\/notas\/?p=1604"},"modified":"2009-11-09T13:01:25","modified_gmt":"2009-11-09T16:01:25","slug":"una-mujer-policia-de-la-bonaerense-denuncio-a-superior-por-abuso-sexual","status":"publish","type":"post","link":"https:\/\/www.elsindical.com.ar\/notas\/una-mujer-policia-de-la-bonaerense-denuncio-a-superior-por-abuso-sexual\/","title":{"rendered":"Una mujer polic\u00eda de la bonaerense denunci\u00f3 a superior por abuso sexual"},"content":{"rendered":"<p style=\"text-align: justify;\"><em><img loading=\"lazy\" decoding=\"async\" class=\"alignleft size-full wp-image-1605\" title=\"patrullero-bonaerense\" src=\"http:\/\/www.elsindical.com.ar\/notas\/var\/www\/html\/notas\/wp-content\/uploads\/2009\/11\/patrullero-bonaerense.jpg\" alt=\"patrullero-bonaerense\" width=\"312\" height=\"212\" srcset=\"https:\/\/www.elsindical.com.ar\/notas\/var\/www\/html\/notas\/wp-content\/uploads\/2009\/11\/patrullero-bonaerense.jpg 312w, https:\/\/www.elsindical.com.ar\/notas\/var\/www\/html\/notas\/wp-content\/uploads\/2009\/11\/patrullero-bonaerense-300x203.jpg 300w\" sizes=\"auto, (max-width: 312px) 100vw, 312px\" \/>Una mujer polic\u00eda denunci\u00f3 a su superior por haber abusado sexualmente de ella en el interior de un patrullero, en la localidad de Punta Lara.\u00a0<br \/>\n<\/em>\u00a0<br \/>\nSe trata de una mujer de 32 a\u00f1os que se desempe\u00f1a como polic\u00eda en la ciudad de Ensenada pero actualmente est\u00e1 de licencia con carpeta psiqui\u00e1trica.<\/p>\n<p style=\"text-align: justify;\">Seg\u00fan consta en la denuncia, radicada en la DDI La Plata, los abusos sexuales ocurrieron en septiembre de 2008, cuando la mujer fue asignada a patrullar Punta Lara junto a un superior, un teniente, cuya identidad se reserva.<\/p>\n<p style=\"text-align: justify;\">La mujer relat\u00f3 que durante un patrullaje, el hombre detuvo bruscamente la marcha del m\u00f3vil policial y la bes\u00f3 abalanz\u00e1ndose sobre ella, para luego manosearla en sus partes \u00edntimas.<\/p>\n<p style=\"text-align: justify;\">Seg\u00fan este relato, los abusos sexuales del hombre continuaron durante m\u00e1s de un mes.<\/p>\n<p style=\"text-align: justify;\">La mujer reci\u00e9n en los \u00faltimos d\u00edas se anim\u00f3 a contar lo sucedido a su esposo y denunci\u00f3 el hecho en la DDI, que dio intervenci\u00f3n al fiscal penal platense, Marcelo Romero.<\/p>\n","protected":false},"excerpt":{"rendered":"<p>Una mujer polic\u00eda denunci\u00f3 a su superior por haber abusado sexualmente de ella en el interior de un patrullero, en la localidad de Punta Lara.\u00a0 \u00a0 Se trata de una mujer de 32 a\u00f1os que se desempe\u00f1a como polic\u00eda en la ciudad de Ensenada pero actualmente est\u00e1 de licencia con carpeta psiqui\u00e1trica. Seg\u00fan consta en&hellip;<\/p>\n","protected":false},"author":1,"featured_media":0,"comment_status":"open","ping_status":"open","sticky":false,"template":"","format":"standard","meta":{"footnotes":""},"categories":[6],"tags":[342,41,895,317,896],"class_list":["post-1604","post","type-post","status-publish","format-standard","hentry","category-denuncias","tag-abuso","tag-justicia","tag-mujer-policia","tag-sexual","tag-superior"],"_links":{"self":[{"href":"https:\/\/www.elsindical.com.ar\/notas\/wp-json\/wp\/v2\/posts\/1604","targetHints":{"allow":["GET"]}}],"collection":[{"href":"https:\/\/www.elsindical.com.ar\/notas\/wp-json\/wp\/v2\/posts"}],"about":[{"href":"https:\/\/www.elsindical.com.ar\/notas\/wp-json\/wp\/v2\/types\/post"}],"author":[{"embeddable":true,"href":"https:\/\/www.elsindical.com.ar\/notas\/wp-json\/wp\/v2\/users\/1"}],"replies":[{"embeddable":true,"href":"https:\/\/www.elsindical.com.ar\/notas\/wp-json\/wp\/v2\/comments?post=1604"}],"version-history":[{"count":2,"href":"https:\/\/www.elsindical.com.ar\/notas\/wp-json\/wp\/v2\/posts\/1604\/revisions"}],"predecessor-version":[{"id":1607,"href":"https:\/\/www.elsindical.com.ar\/notas\/wp-json\/wp\/v2\/posts\/1604\/revisions\/1607"}],"wp:attachment":[{"href":"https:\/\/www.elsindical.com.ar\/notas\/wp-json\/wp\/v2\/media?parent=1604"}],"wp:term":[{"taxonomy":"category","embeddable":true,"href":"https:\/\/www.elsindical.com.ar\/notas\/wp-json\/wp\/v2\/categories?post=1604"},{"taxonomy":"post_tag","embeddable":true,"href":"https:\/\/www.elsindical.com.ar\/notas\/wp-json\/wp\/v2\/tags?post=1604"}],"curies":[{"name":"wp","href":"https:\/\/api.w.org\/{rel}","templated":true}]}}