{"id":16039,"date":"2011-08-17T00:56:21","date_gmt":"2011-08-17T03:56:21","guid":{"rendered":"http:\/\/www.elsindical.com.ar\/notas\/?p=16039"},"modified":"2011-08-17T00:56:21","modified_gmt":"2011-08-17T03:56:21","slug":"afip-allano-locales-en-la-galeria-jardin-por-evasion-y-contrabando","status":"publish","type":"post","link":"https:\/\/www.elsindical.com.ar\/notas\/afip-allano-locales-en-la-galeria-jardin-por-evasion-y-contrabando\/","title":{"rendered":"AFIP allan\u00f3 locales en la Galer\u00eda Jard\u00edn por evasi\u00f3n y contrabando"},"content":{"rendered":"<p style=\"text-align: justify;\"><em><a href=\"http:\/\/www.elsindical.com.ar\/notas\/var\/www\/html\/notas\/wp-content\/uploads\/2011\/08\/allanamiento-Galer\u00eda-Jard\u00edn.jpg\"><img loading=\"lazy\" decoding=\"async\" class=\"alignleft size-medium wp-image-16040\" title=\"allanamiento-Galer\u00eda-Jard\u00edn\" src=\"http:\/\/www.elsindical.com.ar\/notas\/var\/www\/html\/notas\/wp-content\/uploads\/2011\/08\/allanamiento-Galer\u00eda-Jard\u00edn-300x225.jpg\" alt=\"\" width=\"300\" height=\"225\" srcset=\"https:\/\/www.elsindical.com.ar\/notas\/var\/www\/html\/notas\/wp-content\/uploads\/2011\/08\/allanamiento-Galer\u00eda-Jard\u00edn-300x225.jpg 300w, https:\/\/www.elsindical.com.ar\/notas\/var\/www\/html\/notas\/wp-content\/uploads\/2011\/08\/allanamiento-Galer\u00eda-Jard\u00edn.jpg 413w\" sizes=\"auto, (max-width: 300px) 100vw, 300px\" \/><\/a>Productos electr\u00f3nicos que ingresaron al pa\u00eds sin tributar impuestos y eran puestos a la venta en diversos locales comerciales. El caso es investigado por el Fiscal cordob\u00e9s Enrique Senestrari y el Juez Federal de C\u00f3rdoba, Ricardo Bustos Fierro.<\/em><\/p>\n<p style=\"text-align: justify;\">La justicia federal y la AFIP confirmaron\u00a0que detectaron un \u00abcontrabando millonario\u00bb de productos electr\u00f3nicos que ingresaron al pa\u00eds sin tributar impuestos y eran puestos a la venta en diversos locales comerciales.<\/p>\n<p>En ese marco, fuentes de la investigaci\u00f3n dijeron\u00a0que entre los productos pasibles de evasi\u00f3n hab\u00eda \u00abplay station 2 y 3, notebooks, netbooks, monitores, c\u00e1maras de foto digitales y filmadores, placas de TV y sonido y DVD\u00bb.<\/p>\n<p>El caso es investigado por el Fiscal cordob\u00e9s Enrique Senestrari y el Juez Federal de C\u00f3rdoba, Ricardo Bustos Fierro, quien envi\u00f3 un exhorto al Juez penal econ\u00f3mico Jorge Brugo de la Capital Federal para concretar un allanamiento que estaba en curso esta tarde en la Galer\u00eda Jard\u00edn, de la peatonal Florida.<\/p>\n<p style=\"text-align: justify;\">Curiosamente, uno de los locales allanados del cual se retir\u00f3 importante cantidad de productos, ya fue clausurado y allanado en varias oportunidades, reincidiendo al parecer sin un control sobre sus actividades.<\/p>\n","protected":false},"excerpt":{"rendered":"<p>Productos electr\u00f3nicos que ingresaron al pa\u00eds sin tributar impuestos y eran puestos a la venta en diversos locales comerciales. El caso es investigado por el Fiscal cordob\u00e9s Enrique Senestrari y el Juez Federal de C\u00f3rdoba, Ricardo Bustos Fierro. La justicia federal y la AFIP confirmaron\u00a0que detectaron un \u00abcontrabando millonario\u00bb de productos electr\u00f3nicos que ingresaron al&hellip;<\/p>\n","protected":false},"author":1,"featured_media":0,"comment_status":"open","ping_status":"open","sticky":false,"template":"","format":"standard","meta":{"footnotes":""},"categories":[22],"tags":[69,138,2311,153,2408,7812,30,6114],"class_list":["post-16039","post","type-post","status-publish","format-standard","hentry","category-policiales","tag-afip","tag-allanamiento","tag-contrabando","tag-cordoba","tag-evasion","tag-galeria-jardin","tag-policia","tag-productos"],"_links":{"self":[{"href":"https:\/\/www.elsindical.com.ar\/notas\/wp-json\/wp\/v2\/posts\/16039","targetHints":{"allow":["GET"]}}],"collection":[{"href":"https:\/\/www.elsindical.com.ar\/notas\/wp-json\/wp\/v2\/posts"}],"about":[{"href":"https:\/\/www.elsindical.com.ar\/notas\/wp-json\/wp\/v2\/types\/post"}],"author":[{"embeddable":true,"href":"https:\/\/www.elsindical.com.ar\/notas\/wp-json\/wp\/v2\/users\/1"}],"replies":[{"embeddable":true,"href":"https:\/\/www.elsindical.com.ar\/notas\/wp-json\/wp\/v2\/comments?post=16039"}],"version-history":[{"count":2,"href":"https:\/\/www.elsindical.com.ar\/notas\/wp-json\/wp\/v2\/posts\/16039\/revisions"}],"predecessor-version":[{"id":16042,"href":"https:\/\/www.elsindical.com.ar\/notas\/wp-json\/wp\/v2\/posts\/16039\/revisions\/16042"}],"wp:attachment":[{"href":"https:\/\/www.elsindical.com.ar\/notas\/wp-json\/wp\/v2\/media?parent=16039"}],"wp:term":[{"taxonomy":"category","embeddable":true,"href":"https:\/\/www.elsindical.com.ar\/notas\/wp-json\/wp\/v2\/categories?post=16039"},{"taxonomy":"post_tag","embeddable":true,"href":"https:\/\/www.elsindical.com.ar\/notas\/wp-json\/wp\/v2\/tags?post=16039"}],"curies":[{"name":"wp","href":"https:\/\/api.w.org\/{rel}","templated":true}]}}