{"id":16036,"date":"2011-08-17T00:47:08","date_gmt":"2011-08-17T03:47:08","guid":{"rendered":"http:\/\/www.elsindical.com.ar\/notas\/?p=16036"},"modified":"2011-08-17T00:47:08","modified_gmt":"2011-08-17T03:47:08","slug":"zaffaroni-envio-a-diputados-documentos-para-esclarecer-el-caso-de-los-prostibulos","status":"publish","type":"post","link":"https:\/\/www.elsindical.com.ar\/notas\/zaffaroni-envio-a-diputados-documentos-para-esclarecer-el-caso-de-los-prostibulos\/","title":{"rendered":"Zaffaroni envi\u00f3 a Diputados documentos para esclarecer el caso de los prost\u00edbulos"},"content":{"rendered":"<p style=\"text-align: justify;\"><em><a href=\"http:\/\/www.elsindical.com.ar\/notas\/var\/www\/html\/notas\/wp-content\/uploads\/2011\/08\/Zaffaroni-y-los-prost\u00edbulos.jpg\"><img loading=\"lazy\" decoding=\"async\" class=\"alignleft size-medium wp-image-15839\" title=\"Zaffaroni-y-los-prost\u00edbulos\" src=\"http:\/\/www.elsindical.com.ar\/notas\/var\/www\/html\/notas\/wp-content\/uploads\/2011\/08\/Zaffaroni-y-los-prost\u00edbulos-300x155.jpg\" alt=\"\" width=\"300\" height=\"155\" srcset=\"https:\/\/www.elsindical.com.ar\/notas\/var\/www\/html\/notas\/wp-content\/uploads\/2011\/08\/Zaffaroni-y-los-prost\u00edbulos-300x155.jpg 300w, https:\/\/www.elsindical.com.ar\/notas\/var\/www\/html\/notas\/wp-content\/uploads\/2011\/08\/Zaffaroni-y-los-prost\u00edbulos.jpg 413w\" sizes=\"auto, (max-width: 300px) 100vw, 300px\" \/><\/a>En medio de la investigaci\u00f3n que se lleva adelante por el hallazgo de centros de prostituci\u00f3n que funcionaban en departamentos del Juez Eugenio Zaffaroni, el magistrado de la Corte Suprema hizo llegar al titular de la C\u00e1mara baja, Eduardo Fellner, \u00abtoda la documentaci\u00f3n necesaria para esclarecer lo sucedido\u00bb y para que el caso avance. De este modo, asegur\u00f3 estar dispuesto a cooperar con la causa y adelant\u00f3 que declarar\u00e1 cuando sea \u201cnecesario\u201d.<\/em><\/p>\n<p style=\"text-align: justify;\">Con el objetivo de esclarecer el caso de los prost\u00edbulos y de desligarse de las acusaciones, el Juez de la Corte Suprema Eugenio Zaffaroni envi\u00f3 a la C\u00e1mara de Diputados documentaci\u00f3n sobre sus propiedades.<\/p>\n<p>Como hab\u00eda anticipado luego de las denuncias, el magistrado hizo llegar al titular de la C\u00e1mara baja, Eduardo Fellner, \u00abtoda la documentaci\u00f3n necesaria para esclarecer lo sucedido\u00bb y asegur\u00f3 estar dispuesto a colaborar con todo lo que sea \u00abnecesario\u00bb.<\/p>\n<p>Por otro lado, Zaffaroni se refiri\u00f3 a las elecciones primarias a las que calific\u00f3 como una \u00abfiesta de la democracia\u00bb y destac\u00f3 el valor que tienen por darle a la gente la \u00abposibilidad de elegir\u00bb a sus representantes.<\/p>\n","protected":false},"excerpt":{"rendered":"<p>En medio de la investigaci\u00f3n que se lleva adelante por el hallazgo de centros de prostituci\u00f3n que funcionaban en departamentos del Juez Eugenio Zaffaroni, el magistrado de la Corte Suprema hizo llegar al titular de la C\u00e1mara baja, Eduardo Fellner, \u00abtoda la documentaci\u00f3n necesaria para esclarecer lo sucedido\u00bb y para que el caso avance. De&hellip;<\/p>\n","protected":false},"author":1,"featured_media":0,"comment_status":"open","ping_status":"open","sticky":false,"template":"","format":"standard","meta":{"footnotes":""},"categories":[13],"tags":[7361,800,7573,526,189,1328],"class_list":["post-16036","post","type-post","status-publish","format-standard","hentry","category-politica","tag-corte-suprema-de-justicia","tag-documentacion","tag-eugenio-raul-zaffaroni","tag-informes","tag-juez","tag-prostibulos"],"_links":{"self":[{"href":"https:\/\/www.elsindical.com.ar\/notas\/wp-json\/wp\/v2\/posts\/16036","targetHints":{"allow":["GET"]}}],"collection":[{"href":"https:\/\/www.elsindical.com.ar\/notas\/wp-json\/wp\/v2\/posts"}],"about":[{"href":"https:\/\/www.elsindical.com.ar\/notas\/wp-json\/wp\/v2\/types\/post"}],"author":[{"embeddable":true,"href":"https:\/\/www.elsindical.com.ar\/notas\/wp-json\/wp\/v2\/users\/1"}],"replies":[{"embeddable":true,"href":"https:\/\/www.elsindical.com.ar\/notas\/wp-json\/wp\/v2\/comments?post=16036"}],"version-history":[{"count":2,"href":"https:\/\/www.elsindical.com.ar\/notas\/wp-json\/wp\/v2\/posts\/16036\/revisions"}],"predecessor-version":[{"id":16038,"href":"https:\/\/www.elsindical.com.ar\/notas\/wp-json\/wp\/v2\/posts\/16036\/revisions\/16038"}],"wp:attachment":[{"href":"https:\/\/www.elsindical.com.ar\/notas\/wp-json\/wp\/v2\/media?parent=16036"}],"wp:term":[{"taxonomy":"category","embeddable":true,"href":"https:\/\/www.elsindical.com.ar\/notas\/wp-json\/wp\/v2\/categories?post=16036"},{"taxonomy":"post_tag","embeddable":true,"href":"https:\/\/www.elsindical.com.ar\/notas\/wp-json\/wp\/v2\/tags?post=16036"}],"curies":[{"name":"wp","href":"https:\/\/api.w.org\/{rel}","templated":true}]}}