{"id":15951,"date":"2011-08-14T15:25:02","date_gmt":"2011-08-14T18:25:02","guid":{"rendered":"http:\/\/www.elsindical.com.ar\/notas\/?p=15951"},"modified":"2011-08-14T15:25:02","modified_gmt":"2011-08-14T18:25:02","slug":"colombiauna-gata-adopto-a-un-tigre-recien-nacido","status":"publish","type":"post","link":"https:\/\/www.elsindical.com.ar\/notas\/colombiauna-gata-adopto-a-un-tigre-recien-nacido\/","title":{"rendered":"Colombia:Una gata adopto a un tigre recien nacido"},"content":{"rendered":"<p style=\"text-align: justify;\"><a href=\"http:\/\/www.elsindical.com.ar\/notas\/var\/www\/html\/notas\/wp-content\/uploads\/2011\/08\/mam\u00e1-gato.jpg\"><img loading=\"lazy\" decoding=\"async\" class=\"alignleft size-medium wp-image-15952\" title=\"mam\u00e1-gato\" src=\"http:\/\/www.elsindical.com.ar\/notas\/var\/www\/html\/notas\/wp-content\/uploads\/2011\/08\/mam\u00e1-gato-300x174.jpg\" alt=\"\" width=\"300\" height=\"174\" srcset=\"https:\/\/www.elsindical.com.ar\/notas\/var\/www\/html\/notas\/wp-content\/uploads\/2011\/08\/mam\u00e1-gato-300x174.jpg 300w, https:\/\/www.elsindical.com.ar\/notas\/var\/www\/html\/notas\/wp-content\/uploads\/2011\/08\/mam\u00e1-gato.jpg 413w\" sizes=\"auto, (max-width: 300px) 100vw, 300px\" \/><\/a>Trata al peque\u00f1o y tierno tigrillo como si fuera una m\u00e1s de sus cr\u00edas brind\u00e1ndole los cuidados de sus cachorros.<\/p>\n<p style=\"text-align: justify;\">Un ti<strong>grillo de pocos d\u00edas de nacido fue adoptado por una gata<\/strong> que hace poco se convirti\u00f3 en madre.<\/p>\n<p>Mam\u00e1 Gato, bautizada as\u00ed por Amalia V\u00e1squez (directora de la Fundaci\u00f3n Bienestar Animal),<strong> trata al peque\u00f1o y tierno tigrillo como si fuera una m\u00e1s de sus cr\u00edas<\/strong>. Incluso muestra su enojo cuando se acercan extra\u00f1os.<\/p>\n<p>El tigrillo<strong> fue hallado hace nueve d\u00edas entre la maleza del relleno sanitario La Pradera<\/strong>, ubicado en Medell\u00edn, Colombia.<\/p>\n<p style=\"text-align: justify;\">Por ahora, <strong>el felino permanecer\u00e1 con Mam\u00e1 Gato hasta que aprenda a cazar <\/strong>y a valerse por s\u00ed mismo.<\/p>\n","protected":false},"excerpt":{"rendered":"<p>Trata al peque\u00f1o y tierno tigrillo como si fuera una m\u00e1s de sus cr\u00edas brind\u00e1ndole los cuidados de sus cachorros. Un tigrillo de pocos d\u00edas de nacido fue adoptado por una gata que hace poco se convirti\u00f3 en madre. Mam\u00e1 Gato, bautizada as\u00ed por Amalia V\u00e1squez (directora de la Fundaci\u00f3n Bienestar Animal), trata al peque\u00f1o&hellip;<\/p>\n","protected":false},"author":1,"featured_media":0,"comment_status":"open","ping_status":"open","sticky":false,"template":"","format":"standard","meta":{"footnotes":""},"categories":[18],"tags":[4823,2742,7771,646],"class_list":["post-15951","post","type-post","status-publish","format-standard","hentry","category-internacionales","tag-adopcion","tag-colombia","tag-mama-gato","tag-tigre"],"_links":{"self":[{"href":"https:\/\/www.elsindical.com.ar\/notas\/wp-json\/wp\/v2\/posts\/15951","targetHints":{"allow":["GET"]}}],"collection":[{"href":"https:\/\/www.elsindical.com.ar\/notas\/wp-json\/wp\/v2\/posts"}],"about":[{"href":"https:\/\/www.elsindical.com.ar\/notas\/wp-json\/wp\/v2\/types\/post"}],"author":[{"embeddable":true,"href":"https:\/\/www.elsindical.com.ar\/notas\/wp-json\/wp\/v2\/users\/1"}],"replies":[{"embeddable":true,"href":"https:\/\/www.elsindical.com.ar\/notas\/wp-json\/wp\/v2\/comments?post=15951"}],"version-history":[{"count":2,"href":"https:\/\/www.elsindical.com.ar\/notas\/wp-json\/wp\/v2\/posts\/15951\/revisions"}],"predecessor-version":[{"id":15954,"href":"https:\/\/www.elsindical.com.ar\/notas\/wp-json\/wp\/v2\/posts\/15951\/revisions\/15954"}],"wp:attachment":[{"href":"https:\/\/www.elsindical.com.ar\/notas\/wp-json\/wp\/v2\/media?parent=15951"}],"wp:term":[{"taxonomy":"category","embeddable":true,"href":"https:\/\/www.elsindical.com.ar\/notas\/wp-json\/wp\/v2\/categories?post=15951"},{"taxonomy":"post_tag","embeddable":true,"href":"https:\/\/www.elsindical.com.ar\/notas\/wp-json\/wp\/v2\/tags?post=15951"}],"curies":[{"name":"wp","href":"https:\/\/api.w.org\/{rel}","templated":true}]}}