{"id":15916,"date":"2011-08-12T23:57:22","date_gmt":"2011-08-13T02:57:22","guid":{"rendered":"http:\/\/www.elsindical.com.ar\/notas\/?p=15916"},"modified":"2011-08-12T23:57:22","modified_gmt":"2011-08-13T02:57:22","slug":"reeligieron-a-sergio-romero-en-la-uda","status":"publish","type":"post","link":"https:\/\/www.elsindical.com.ar\/notas\/reeligieron-a-sergio-romero-en-la-uda\/","title":{"rendered":"Reeligieron a Sergio Romero en la UDA"},"content":{"rendered":"<p style=\"text-align: justify;\"><em><a href=\"http:\/\/www.elsindical.com.ar\/notas\/var\/www\/html\/notas\/wp-content\/uploads\/2011\/08\/Sergio-Romero-Sec.Gral_.-UDA.jpg\"><img loading=\"lazy\" decoding=\"async\" class=\"alignleft size-medium wp-image-15917\" title=\"Sergio-Romero-Sec.Gral.-UDA\" src=\"http:\/\/www.elsindical.com.ar\/notas\/var\/www\/html\/notas\/wp-content\/uploads\/2011\/08\/Sergio-Romero-Sec.Gral_.-UDA-300x211.jpg\" alt=\"\" width=\"300\" height=\"211\" srcset=\"https:\/\/www.elsindical.com.ar\/notas\/var\/www\/html\/notas\/wp-content\/uploads\/2011\/08\/Sergio-Romero-Sec.Gral_.-UDA-300x211.jpg 300w, https:\/\/www.elsindical.com.ar\/notas\/var\/www\/html\/notas\/wp-content\/uploads\/2011\/08\/Sergio-Romero-Sec.Gral_.-UDA.jpg 325w\" sizes=\"auto, (max-width: 300px) 100vw, 300px\" \/><\/a>Se llevaron a cabo en todo el territorio nacional los comicios para la renovaci\u00f3n de autoridades nacionales y seccionales de la Uni\u00f3n Docentes Argentinos.<\/em><\/p>\n<p style=\"text-align: justify;\">Sergio Romero, con el marco de una alta participaci\u00f3n docente, fue reelecto con el 96% de los votos para desempe\u00f1arse como secretario General Nacional de la UDA durante el per\u00edodo 2011-2015, quien ser\u00e1 acompa\u00f1ado en la nueva Comisi\u00f3n Directiva Central por secretarios generales de las Seccionales provinciales de todo el pa\u00eds.<\/p>\n<p style=\"text-align: justify;\">Romero agradeci\u00f3 \u201cprofundamente\u201d a los afiliados \u201cque se acercaron a las urnas y depositaron nuevamente la confianza y el respaldo hacia esta gesti\u00f3n\u201d, y dijo que \u201ces y ser\u00e1 permanente la lucha por defender los derechos laborales y salariales del sector\u201d.<\/p>\n<p style=\"text-align: justify;\">El titular de UDA deline\u00f3 ejes de las reivindicaciones permanentes de la gesti\u00f3n para\u00a0 \u201cmejorar la calidad educativa en todo el pa\u00eds, como as\u00ed tambi\u00e9n la salud, estabilidad,\u00a0 salario, jubilaci\u00f3n, capacitaci\u00f3n, actualizaci\u00f3n gratuita permanente y en servicio y condiciones laborales del trabajador docente\u201d.<\/p>\n<p style=\"text-align: justify;\">Finalmente, el dirigente puntualiz\u00f3 que \u201ces necesario trabajar para alcanzar una mayor\u00a0 inclusi\u00f3n al sistema educativo de todos los ni\u00f1os, ni\u00f1as y adolescentes, con el concierto de la paz social y sin violencia en las escuelas\u201d.<\/p>\n","protected":false},"excerpt":{"rendered":"<p>Se llevaron a cabo en todo el territorio nacional los comicios para la renovaci\u00f3n de autoridades nacionales y seccionales de la Uni\u00f3n Docentes Argentinos. Sergio Romero, con el marco de una alta participaci\u00f3n docente, fue reelecto con el 96% de los votos para desempe\u00f1arse como secretario General Nacional de la UDA durante el per\u00edodo 2011-2015,&hellip;<\/p>\n","protected":false},"author":1,"featured_media":0,"comment_status":"open","ping_status":"open","sticky":false,"template":"","format":"standard","meta":{"footnotes":""},"categories":[16],"tags":[497,244,6695,1382,3309,2720],"class_list":["post-15916","post","type-post","status-publish","format-standard","hentry","category-gremiales","tag-docentes","tag-elecciones","tag-reeleccion","tag-secretario-general","tag-sergio-romero","tag-uda"],"_links":{"self":[{"href":"https:\/\/www.elsindical.com.ar\/notas\/wp-json\/wp\/v2\/posts\/15916","targetHints":{"allow":["GET"]}}],"collection":[{"href":"https:\/\/www.elsindical.com.ar\/notas\/wp-json\/wp\/v2\/posts"}],"about":[{"href":"https:\/\/www.elsindical.com.ar\/notas\/wp-json\/wp\/v2\/types\/post"}],"author":[{"embeddable":true,"href":"https:\/\/www.elsindical.com.ar\/notas\/wp-json\/wp\/v2\/users\/1"}],"replies":[{"embeddable":true,"href":"https:\/\/www.elsindical.com.ar\/notas\/wp-json\/wp\/v2\/comments?post=15916"}],"version-history":[{"count":2,"href":"https:\/\/www.elsindical.com.ar\/notas\/wp-json\/wp\/v2\/posts\/15916\/revisions"}],"predecessor-version":[{"id":15920,"href":"https:\/\/www.elsindical.com.ar\/notas\/wp-json\/wp\/v2\/posts\/15916\/revisions\/15920"}],"wp:attachment":[{"href":"https:\/\/www.elsindical.com.ar\/notas\/wp-json\/wp\/v2\/media?parent=15916"}],"wp:term":[{"taxonomy":"category","embeddable":true,"href":"https:\/\/www.elsindical.com.ar\/notas\/wp-json\/wp\/v2\/categories?post=15916"},{"taxonomy":"post_tag","embeddable":true,"href":"https:\/\/www.elsindical.com.ar\/notas\/wp-json\/wp\/v2\/tags?post=15916"}],"curies":[{"name":"wp","href":"https:\/\/api.w.org\/{rel}","templated":true}]}}