{"id":15910,"date":"2011-08-12T20:15:18","date_gmt":"2011-08-12T23:15:18","guid":{"rendered":"http:\/\/www.elsindical.com.ar\/notas\/?p=15910"},"modified":"2011-08-12T20:15:18","modified_gmt":"2011-08-12T23:15:18","slug":"brasilasesinan-a-una-conocida-jueza-en-la-puerta-de-su-casa","status":"publish","type":"post","link":"https:\/\/www.elsindical.com.ar\/notas\/brasilasesinan-a-una-conocida-jueza-en-la-puerta-de-su-casa\/","title":{"rendered":"Brasil:Asesinan a una conocida Jueza en la puerta de su casa"},"content":{"rendered":"<p style=\"text-align: justify;\">\u00a0<a href=\"http:\/\/www.elsindical.com.ar\/notas\/var\/www\/html\/notas\/wp-content\/uploads\/2011\/08\/juiza-asesinada-en-Brasil.jpg\"><img loading=\"lazy\" decoding=\"async\" class=\"alignleft size-medium wp-image-15911\" title=\"juiza-asesinada-en-Brasil\" src=\"http:\/\/www.elsindical.com.ar\/notas\/var\/www\/html\/notas\/wp-content\/uploads\/2011\/08\/juiza-asesinada-en-Brasil-300x169.jpg\" alt=\"\" width=\"300\" height=\"169\" srcset=\"https:\/\/www.elsindical.com.ar\/notas\/var\/www\/html\/notas\/wp-content\/uploads\/2011\/08\/juiza-asesinada-en-Brasil-300x169.jpg 300w, https:\/\/www.elsindical.com.ar\/notas\/var\/www\/html\/notas\/wp-content\/uploads\/2011\/08\/juiza-asesinada-en-Brasil.jpg 413w\" sizes=\"auto, (max-width: 300px) 100vw, 300px\" \/><\/a><em>Una reconocida Jueza brasilera, que se destac\u00f3 por su firmeza a la hora de combatir la corrupci\u00f3n policial, los escuadrones de la muerte y los narcos, fue asesinada de al menos 16 disparos sobre su veh\u00edculo, en las puertas de su casa, por uno decena de sicar\u00edos. El \u00faltimo a\u00f1o hab\u00eda encarcelado a unos 60 polic\u00edas.<\/em><\/p>\n<p style=\"text-align: justify;\">Una Jueza brasile\u00f1a reconocida por actuar con firmeza contra la mafia policial y los escuadrones de la muerte de R\u00edo de Janeiro fue <strong>acribillada a balazos<\/strong> por encapuchados que la atacaron frente a su casa. Su familia denunci\u00f3 que, pese a que ya hab\u00eda recibido amenazas, no ten\u00eda custodia.<\/p>\n<p>Patricia Acioli ten\u00eda 47 a\u00f1os y era <strong>mam\u00e1 de tres chicos<\/strong>. Sicarios que se mov\u00edan en dos motos y dos autos la encerraron anoche cuando llegaba a su casa en Niteroi, una ciudad cercana a San Gonzalo, y <strong>le dispararon 16 balazos<\/strong>: calculan que la mitad impactaron en su cuerpo. Los atacantes escaparon y la mujer muri\u00f3 casi en forma instant\u00e1nea.<\/p>\n<p>Acioli volv\u00eda de una audiencia en los tribunales y desde enero la polic\u00eda contaba con el dato de que su nombre aparec\u00eda en una<strong> lista de personas a ejecutar<\/strong> elaborada por una organizaci\u00f3n parapolicial. Su familia denunci\u00f3 adem\u00e1s que hab\u00eda recibido al menos <strong>cuatro amenazas de muerte<\/strong>, afirmaci\u00f3n que fue ratificada por el presidente del Tribunal de Justicia de R\u00edo de Janeiro, Manoel Rebelo dos Santos. Pese a eso, no ten\u00eda custodia desde 2008.<\/p>\n<p>\u201cEra una Jueza que <strong>sentenciaba con coraje<\/strong>. No vamos a tolerar esta osad\u00eda de los criminales\u201d, afirm\u00f3 el gobernador de R\u00edo, quien sostuvo que el asesinato \u201ces un desaf\u00edo al estado democr\u00e1tico de derecho\u00bb.<\/p>\n<p>En menos de un a\u00f1o, Acioli <strong>encarcel\u00f3 a unos 60 polic\u00edas<\/strong> vinculados a grupos parapoliciales y escuadrones de la muerte. Y en septiembre del a\u00f1o pasado conden\u00f3 a prisi\u00f3n perpetua cuatro polic\u00edas de R\u00edo acusados de haber cometido <strong>11 asesinatos por encargo<\/strong>.<\/p>\n<p>El atentado, que <strong>conmocion\u00f3 a Brasil<\/strong>, volvi\u00f3 a poner en el centro de la escena la actuaci\u00f3n del crimen organizado en R\u00edo de Janeiro. Seg\u00fan la cadena Globo, la log\u00edstica necesit\u00f3 de unas <strong>12 personas<\/strong> en la acci\u00f3n y los principales sospechosos son miembros de escuadrones de la muerte formados por polic\u00edas que son contratados para cometer masacres, una modalidad expandida en R\u00edo, San Pablo, Recife, Salvador y otras ciudades brasile\u00f1as.<\/p>\n<p>Las pistolas usadas en el crimen de la magistrada eran calibre 40 y 45, <strong>usado por las polic\u00edas de R\u00edo<\/strong>. Los investigadores analizan ahora las grabaciones del circuito de c\u00e1maras de la casa de la Jueza y tambi\u00e9n buscan rastros en su auto.<\/p>\n<p>El presidente de la Asociaci\u00f3n de Jueces Federales Gabriel Wedy defini\u00f3 a Acioli como una \u201c<strong>m\u00e1rtir en la lucha<\/strong> contra el crimen organizado\u201d.<\/p>\n","protected":false},"excerpt":{"rendered":"<p>\u00a0Una reconocida Jueza brasilera, que se destac\u00f3 por su firmeza a la hora de combatir la corrupci\u00f3n policial, los escuadrones de la muerte y los narcos, fue asesinada de al menos 16 disparos sobre su veh\u00edculo, en las puertas de su casa, por uno decena de sicar\u00edos. El \u00faltimo a\u00f1o hab\u00eda encarcelado a unos 60&hellip;<\/p>\n","protected":false},"author":1,"featured_media":0,"comment_status":"open","ping_status":"open","sticky":false,"template":"","format":"standard","meta":{"footnotes":""},"categories":[18],"tags":[363,95,7758,7757,7755,7714,7756],"class_list":["post-15910","post","type-post","status-publish","format-standard","hentry","category-internacionales","tag-asesinato","tag-brasil","tag-gabriel-wedy","tag-jueza-patricia-acioli","tag-niteroi","tag-rio-de-janeiro","tag-san-gonzalo"],"_links":{"self":[{"href":"https:\/\/www.elsindical.com.ar\/notas\/wp-json\/wp\/v2\/posts\/15910","targetHints":{"allow":["GET"]}}],"collection":[{"href":"https:\/\/www.elsindical.com.ar\/notas\/wp-json\/wp\/v2\/posts"}],"about":[{"href":"https:\/\/www.elsindical.com.ar\/notas\/wp-json\/wp\/v2\/types\/post"}],"author":[{"embeddable":true,"href":"https:\/\/www.elsindical.com.ar\/notas\/wp-json\/wp\/v2\/users\/1"}],"replies":[{"embeddable":true,"href":"https:\/\/www.elsindical.com.ar\/notas\/wp-json\/wp\/v2\/comments?post=15910"}],"version-history":[{"count":2,"href":"https:\/\/www.elsindical.com.ar\/notas\/wp-json\/wp\/v2\/posts\/15910\/revisions"}],"predecessor-version":[{"id":15913,"href":"https:\/\/www.elsindical.com.ar\/notas\/wp-json\/wp\/v2\/posts\/15910\/revisions\/15913"}],"wp:attachment":[{"href":"https:\/\/www.elsindical.com.ar\/notas\/wp-json\/wp\/v2\/media?parent=15910"}],"wp:term":[{"taxonomy":"category","embeddable":true,"href":"https:\/\/www.elsindical.com.ar\/notas\/wp-json\/wp\/v2\/categories?post=15910"},{"taxonomy":"post_tag","embeddable":true,"href":"https:\/\/www.elsindical.com.ar\/notas\/wp-json\/wp\/v2\/tags?post=15910"}],"curies":[{"name":"wp","href":"https:\/\/api.w.org\/{rel}","templated":true}]}}