{"id":15907,"date":"2011-08-12T14:20:19","date_gmt":"2011-08-12T17:20:19","guid":{"rendered":"http:\/\/www.elsindical.com.ar\/notas\/?p=15907"},"modified":"2011-08-12T14:20:19","modified_gmt":"2011-08-12T17:20:19","slug":"alto-indice-de-agresiones-a-medicos-en-la-ciudad-de-buenos-aires","status":"publish","type":"post","link":"https:\/\/www.elsindical.com.ar\/notas\/alto-indice-de-agresiones-a-medicos-en-la-ciudad-de-buenos-aires\/","title":{"rendered":"Alto \u00edndice de agresiones a m\u00e9dicos en la Ciudad de Buenos Aires"},"content":{"rendered":"<p style=\"text-align: justify;\"><em><a href=\"http:\/\/www.elsindical.com.ar\/notas\/var\/www\/html\/notas\/wp-content\/uploads\/2011\/08\/agresi\u00f3n-a-medico.jpg\"><img loading=\"lazy\" decoding=\"async\" class=\"alignleft size-medium wp-image-15908\" title=\"agresi\u00f3n-a-medico\" src=\"http:\/\/www.elsindical.com.ar\/notas\/var\/www\/html\/notas\/wp-content\/uploads\/2011\/08\/agresi\u00f3n-a-medico-300x178.jpg\" alt=\"\" width=\"300\" height=\"178\" srcset=\"https:\/\/www.elsindical.com.ar\/notas\/var\/www\/html\/notas\/wp-content\/uploads\/2011\/08\/agresi\u00f3n-a-medico-300x178.jpg 300w, https:\/\/www.elsindical.com.ar\/notas\/var\/www\/html\/notas\/wp-content\/uploads\/2011\/08\/agresi\u00f3n-a-medico.jpg 413w\" sizes=\"auto, (max-width: 300px) 100vw, 300px\" \/><\/a>Seg\u00fan la Asociaci\u00f3n de M\u00e9dicos Municipales, el <strong>80% de los profesionales\u00a0sufri\u00f3 alguna vez una agresi\u00f3n y en s\u00f3lo cuatro meses de este a\u00f1o se super\u00f3 el total de 2010.<\/strong> Adem\u00e1s, en el 44% de los ataques, los agresores son hombres.<\/em><\/p>\n<p style=\"text-align: justify;\">Los m\u00e9dicos que atienden en los principales hospitales de la ciudad de Buenos Aires, est\u00e1n preocupados por la ola de violencia que los afecta.<\/p>\n<p style=\"text-align: justify;\">En los \u00faltimos d\u00edas, se conoci\u00f3 la brutal agresi\u00f3n a una profesional de terapia intensiva del Hospital Guti\u00e9rrez. Dos mujeres, que minutos antes hab\u00edan recibido la noticia de la muerte de un familiar, la golpearon en el piso sin raz\u00f3n.<\/p>\n<p style=\"text-align: justify;\">En el \u00e1mbito privado tambi\u00e9n se registran casos de violencia. \u201c<strong>Es menos frecuente que en los hospitales, pero tambi\u00e9n nos agreden cuando no hay camas o personal suficiente\u201d<\/strong>, afirm\u00f3 a un matutino, H\u00e9ctor Gar\u00edn, secretario general de la Asociaci\u00f3n de M\u00e9dicos de la Actividad Privada.<\/p>\n<p style=\"text-align: justify;\">De acuerdo con el abogado de la asociaci\u00f3n, \u201cel 60% de los profesionales agredidos son mujeres\u201d. Y seg\u00fan Jos\u00e9 Gilardi, miembro dela Asociaci\u00f3n, \u201cen s\u00f3lo cuatro meses de este a\u00f1o superamos el total de 2010\u201d.<\/p>\n<p style=\"text-align: justify;\">De acuerdo con el abogado de la Asociaci\u00f3n, en el 44% de los casos, los agresores son hombres y en el 26 son dos o m\u00e1s personas. <strong>\u201dSigue habiendo muchos hechos de violencia. Y cada vez son m\u00e1s serios\u201d, a\u00f1adi\u00f3 el abogado.<\/strong><\/p>\n<p style=\"text-align: justify;\">Desde diciembre de 2010, comenz\u00f3 a funcionar una l\u00ednea gratuita, las 24 horas, para que los m\u00e9dicos agredidos hagan la denuncia.<\/p>\n<p style=\"text-align: justify;\">De acuerdo con datos dela Asociaci\u00f3n, hubo 30 casos s\u00f3lo en los tres primeros meses de este a\u00f1o. <strong>En 2007 se recibieron ocho consultas por este tipo de casos, mientras que en 2010 fueron 14.<\/strong><\/p>\n<p style=\"text-align: justify;\">\u201cHasta antes de que pusi\u00e9ramos la l\u00ednea gratuita, s\u00f3lo 2 de cada diez m\u00e9dicos agredidos realizaban la denuncia\u201d, a\u00f1adi\u00f3 el abogado.<\/p>\n","protected":false},"excerpt":{"rendered":"<p>Seg\u00fan la Asociaci\u00f3n de M\u00e9dicos Municipales, el 80% de los profesionales\u00a0sufri\u00f3 alguna vez una agresi\u00f3n y en s\u00f3lo cuatro meses de este a\u00f1o se super\u00f3 el total de 2010. Adem\u00e1s, en el 44% de los ataques, los agresores son hombres. Los m\u00e9dicos que atienden en los principales hospitales de la ciudad de Buenos Aires, est\u00e1n&hellip;<\/p>\n","protected":false},"author":1,"featured_media":0,"comment_status":"open","ping_status":"open","sticky":false,"template":"","format":"standard","meta":{"footnotes":""},"categories":[6],"tags":[1117,6664,357,1341,175,1617],"class_list":["post-15907","post","type-post","status-publish","format-standard","hentry","category-denuncias","tag-agresiones","tag-asociacion-de-medicos-municipales","tag-aumento","tag-ciudad-de-buenos-aires","tag-denuncia","tag-hombres"],"_links":{"self":[{"href":"https:\/\/www.elsindical.com.ar\/notas\/wp-json\/wp\/v2\/posts\/15907","targetHints":{"allow":["GET"]}}],"collection":[{"href":"https:\/\/www.elsindical.com.ar\/notas\/wp-json\/wp\/v2\/posts"}],"about":[{"href":"https:\/\/www.elsindical.com.ar\/notas\/wp-json\/wp\/v2\/types\/post"}],"author":[{"embeddable":true,"href":"https:\/\/www.elsindical.com.ar\/notas\/wp-json\/wp\/v2\/users\/1"}],"replies":[{"embeddable":true,"href":"https:\/\/www.elsindical.com.ar\/notas\/wp-json\/wp\/v2\/comments?post=15907"}],"version-history":[{"count":1,"href":"https:\/\/www.elsindical.com.ar\/notas\/wp-json\/wp\/v2\/posts\/15907\/revisions"}],"predecessor-version":[{"id":15909,"href":"https:\/\/www.elsindical.com.ar\/notas\/wp-json\/wp\/v2\/posts\/15907\/revisions\/15909"}],"wp:attachment":[{"href":"https:\/\/www.elsindical.com.ar\/notas\/wp-json\/wp\/v2\/media?parent=15907"}],"wp:term":[{"taxonomy":"category","embeddable":true,"href":"https:\/\/www.elsindical.com.ar\/notas\/wp-json\/wp\/v2\/categories?post=15907"},{"taxonomy":"post_tag","embeddable":true,"href":"https:\/\/www.elsindical.com.ar\/notas\/wp-json\/wp\/v2\/tags?post=15907"}],"curies":[{"name":"wp","href":"https:\/\/api.w.org\/{rel}","templated":true}]}}