{"id":15903,"date":"2011-08-12T09:58:47","date_gmt":"2011-08-12T12:58:47","guid":{"rendered":"http:\/\/www.elsindical.com.ar\/notas\/?p=15903"},"modified":"2011-08-12T09:58:47","modified_gmt":"2011-08-12T12:58:47","slug":"jueces-que-juzgaron-a-beliz-denunciaron-acciones-de-espionaje-contra-el-tribunal-oral","status":"publish","type":"post","link":"https:\/\/www.elsindical.com.ar\/notas\/jueces-que-juzgaron-a-beliz-denunciaron-acciones-de-espionaje-contra-el-tribunal-oral\/","title":{"rendered":"Jueces que juzgaron a B\u00e9liz denunciaron acciones de espionaje contra el Tribunal Oral"},"content":{"rendered":"<p style=\"text-align: justify;\"><em><a href=\"http:\/\/www.elsindical.com.ar\/notas\/var\/www\/html\/notas\/wp-content\/uploads\/2011\/08\/Gustavo-B\u00e9liz-declaraciones.jpg\"><img loading=\"lazy\" decoding=\"async\" class=\"alignleft size-medium wp-image-15904\" title=\"Gustavo-B\u00e9liz-declaraciones\" src=\"http:\/\/www.elsindical.com.ar\/notas\/var\/www\/html\/notas\/wp-content\/uploads\/2011\/08\/Gustavo-B\u00e9liz-declaraciones-300x237.jpg\" alt=\"\" width=\"300\" height=\"237\" srcset=\"https:\/\/www.elsindical.com.ar\/notas\/var\/www\/html\/notas\/wp-content\/uploads\/2011\/08\/Gustavo-B\u00e9liz-declaraciones-300x237.jpg 300w, https:\/\/www.elsindical.com.ar\/notas\/var\/www\/html\/notas\/wp-content\/uploads\/2011\/08\/Gustavo-B\u00e9liz-declaraciones.jpg 325w\" sizes=\"auto, (max-width: 300px) 100vw, 300px\" \/><\/a>En los argumentos de la absoluci\u00f3n que obtuvo Gustavo Beliz en el juicio por haber mostrado la foto del agente de inteligencia Antonio \u201cJaime\u201d Stiusso, el Tribunal Oral Federal 3 <strong>critic\u00f3<\/strong> a diversos actores que estuvieron relacionado con el proceso y tambi\u00e9n a la Secretar\u00eda de Inteligencia.<\/em><\/p>\n<p style=\"text-align: justify;\">Los Jueces Guillermo Gordo, Miguel Pons y Gerardo Larrambebere aceptaron los argumentos los abogados de Beliz, Gerardo Conte Grand y Nicolas Garc\u00eda Culla quien sostuvieron que en 2004 cuando la foto fue exhibida, Stiusso era una persona conocida porque hab\u00eda declarado en juicios orales de transcendencia.<\/p>\n<p style=\"text-align: justify;\">Luego de explicar por qu\u00e9 absolvieron a Beliz los jueces se dedicaron a relatar los intentos que hubo para que fueran apartados del caso.<\/p>\n<p style=\"text-align: justify;\">\u201cCon el evidente prop\u00f3sito de apartarnos del conocimiento de esta causa se han orquestado toda clase de tropel\u00edas\u201d, se\u00f1alaron en alusi\u00f3n a maniobras de Stiusso para apartarlos que elevaron en un informe a la Casaci\u00f3n.<\/p>\n<p style=\"text-align: justify;\">Dijeron que hubo intenci\u00f3n de hacer \u201cForum Shopping\u201d para elegir un tribunal diferente. Criticaron al Fiscal Jorge Di Lello quien pidi\u00f3 4 a\u00f1os de prisi\u00f3n para Beliz, al abogado Ricardo Monner Sans porque los denunci\u00f3 en base a un art\u00edculo period\u00edstico y al Juez Juli\u00e1n Ercolini y el Fiscal Guillermo Mariju\u00e1n por el modo en que manejan la causa que abri\u00f3 por la denuncia. Se\u00f1alaron que todo lo que sucedi\u00f3 alrededor de este caso fue <strong>\u201cuna novela de espionaje\u201d.<\/strong><\/p>\n","protected":false},"excerpt":{"rendered":"<p>En los argumentos de la absoluci\u00f3n que obtuvo Gustavo Beliz en el juicio por haber mostrado la foto del agente de inteligencia Antonio \u201cJaime\u201d Stiusso, el Tribunal Oral Federal 3 critic\u00f3 a diversos actores que estuvieron relacionado con el proceso y tambi\u00e9n a la Secretar\u00eda de Inteligencia. Los Jueces Guillermo Gordo, Miguel Pons y Gerardo&hellip;<\/p>\n","protected":false},"author":1,"featured_media":0,"comment_status":"open","ping_status":"open","sticky":false,"template":"","format":"standard","meta":{"footnotes":""},"categories":[6],"tags":[7751,4631,175,470,7749,7752,1056,7753,7750,7754],"class_list":["post-15903","post","type-post","status-publish","format-standard","hentry","category-denuncias","tag-abogado-ricardo-monner-sans","tag-casacion-penal","tag-denuncia","tag-espionaje","tag-fiscal-guillermo-marijuan","tag-fiscal-jorge-di-lello","tag-jueces","tag-jueces-guillermo-gordo","tag-juez-julian-ercolini","tag-miguel-pons-y-gerardo-larrambebere"],"_links":{"self":[{"href":"https:\/\/www.elsindical.com.ar\/notas\/wp-json\/wp\/v2\/posts\/15903","targetHints":{"allow":["GET"]}}],"collection":[{"href":"https:\/\/www.elsindical.com.ar\/notas\/wp-json\/wp\/v2\/posts"}],"about":[{"href":"https:\/\/www.elsindical.com.ar\/notas\/wp-json\/wp\/v2\/types\/post"}],"author":[{"embeddable":true,"href":"https:\/\/www.elsindical.com.ar\/notas\/wp-json\/wp\/v2\/users\/1"}],"replies":[{"embeddable":true,"href":"https:\/\/www.elsindical.com.ar\/notas\/wp-json\/wp\/v2\/comments?post=15903"}],"version-history":[{"count":2,"href":"https:\/\/www.elsindical.com.ar\/notas\/wp-json\/wp\/v2\/posts\/15903\/revisions"}],"predecessor-version":[{"id":15906,"href":"https:\/\/www.elsindical.com.ar\/notas\/wp-json\/wp\/v2\/posts\/15903\/revisions\/15906"}],"wp:attachment":[{"href":"https:\/\/www.elsindical.com.ar\/notas\/wp-json\/wp\/v2\/media?parent=15903"}],"wp:term":[{"taxonomy":"category","embeddable":true,"href":"https:\/\/www.elsindical.com.ar\/notas\/wp-json\/wp\/v2\/categories?post=15903"},{"taxonomy":"post_tag","embeddable":true,"href":"https:\/\/www.elsindical.com.ar\/notas\/wp-json\/wp\/v2\/tags?post=15903"}],"curies":[{"name":"wp","href":"https:\/\/api.w.org\/{rel}","templated":true}]}}