{"id":15899,"date":"2011-08-12T09:28:38","date_gmt":"2011-08-12T12:28:38","guid":{"rendered":"http:\/\/www.elsindical.com.ar\/notas\/?p=15899"},"modified":"2011-08-12T09:28:38","modified_gmt":"2011-08-12T12:28:38","slug":"lomas-de-zamoraasesinan-de-un-disparo-a-un-comerciante-en-temperley","status":"publish","type":"post","link":"https:\/\/www.elsindical.com.ar\/notas\/lomas-de-zamoraasesinan-de-un-disparo-a-un-comerciante-en-temperley\/","title":{"rendered":"Lomas de Zamora:Asesinan de un disparo a un comerciante en Temperley"},"content":{"rendered":"<p style=\"text-align: justify;\">\u00a0<a href=\"http:\/\/www.elsindical.com.ar\/notas\/var\/www\/html\/notas\/wp-content\/uploads\/2011\/08\/robo-y-asesinato-en-Temperl.jpg\"><img loading=\"lazy\" decoding=\"async\" class=\"alignleft size-medium wp-image-15900\" title=\"robo-y-asesinato-en-Temperl\" src=\"http:\/\/www.elsindical.com.ar\/notas\/var\/www\/html\/notas\/wp-content\/uploads\/2011\/08\/robo-y-asesinato-en-Temperl-300x188.jpg\" alt=\"\" width=\"300\" height=\"188\" srcset=\"https:\/\/www.elsindical.com.ar\/notas\/var\/www\/html\/notas\/wp-content\/uploads\/2011\/08\/robo-y-asesinato-en-Temperl-300x188.jpg 300w, https:\/\/www.elsindical.com.ar\/notas\/var\/www\/html\/notas\/wp-content\/uploads\/2011\/08\/robo-y-asesinato-en-Temperl.jpg 325w\" sizes=\"auto, (max-width: 300px) 100vw, 300px\" \/><\/a> <em>Anoche, un joven comerciante de 37 a\u00f1os, fue asesinado de un disparo en la cabeza al intentar resistir un robo en la puerta de su domicilio. Recibi\u00f3 dos disparos y los delincuentes huyeron.<\/em><\/p>\n<p style=\"text-align: justify;\">Un comerciante fue asesinado a balazos en las \u00faltimas horas al resistirse al robo de su auto frente a su casa en la localidad bonaerense de Temperley, partido de Lomas de Zamora.<\/p>\n<p style=\"text-align: justify;\">La polic\u00eda identific\u00f3 a la v\u00edctima como Hern\u00e1n Pecora, de 37 a\u00f1os, casado y padre de tres hijos.<\/p>\n<p style=\"text-align: justify;\">El hecho se produjo anoche, alrededor de las 21, cuando el comerciante lleg\u00f3 a su casa de la calle Pasaje P\u00e9rez al 100, al sur del conurbano, en su Volkswagen Bora y fue interceptado por dos delincuentes con fines de robo, informaron fuentes policiales.<\/p>\n<p style=\"text-align: justify;\">Cuando Pecora intent\u00f3 defenderse fue asesinado de dos balazos. Los agresores, que ser\u00edan j\u00f3venes, escaparon del lugar sin concretar el robo, agregaron las fuentes.<\/p>\n<p style=\"text-align: justify;\">Tom\u00f3 intervenci\u00f3n la comisar\u00eda tercera de Lomas de Zamora, donde se instruyeron actuaciones por \u00abhomicidio en ocasi\u00f3n de robo\u00bb.<\/p>\n","protected":false},"excerpt":{"rendered":"<p>\u00a0 Anoche, un joven comerciante de 37 a\u00f1os, fue asesinado de un disparo en la cabeza al intentar resistir un robo en la puerta de su domicilio. Recibi\u00f3 dos disparos y los delincuentes huyeron. Un comerciante fue asesinado a balazos en las \u00faltimas horas al resistirse al robo de su auto frente a su casa&hellip;<\/p>\n","protected":false},"author":1,"featured_media":0,"comment_status":"open","ping_status":"open","sticky":false,"template":"","format":"standard","meta":{"footnotes":""},"categories":[22],"tags":[5568,3164,388,486,744,116,1430],"class_list":["post-15899","post","type-post","status-publish","format-standard","hentry","category-policiales","tag-bora","tag-comerciante","tag-disparo","tag-hijos","tag-lomas-de-zamora","tag-robo","tag-temperley"],"_links":{"self":[{"href":"https:\/\/www.elsindical.com.ar\/notas\/wp-json\/wp\/v2\/posts\/15899","targetHints":{"allow":["GET"]}}],"collection":[{"href":"https:\/\/www.elsindical.com.ar\/notas\/wp-json\/wp\/v2\/posts"}],"about":[{"href":"https:\/\/www.elsindical.com.ar\/notas\/wp-json\/wp\/v2\/types\/post"}],"author":[{"embeddable":true,"href":"https:\/\/www.elsindical.com.ar\/notas\/wp-json\/wp\/v2\/users\/1"}],"replies":[{"embeddable":true,"href":"https:\/\/www.elsindical.com.ar\/notas\/wp-json\/wp\/v2\/comments?post=15899"}],"version-history":[{"count":2,"href":"https:\/\/www.elsindical.com.ar\/notas\/wp-json\/wp\/v2\/posts\/15899\/revisions"}],"predecessor-version":[{"id":15902,"href":"https:\/\/www.elsindical.com.ar\/notas\/wp-json\/wp\/v2\/posts\/15899\/revisions\/15902"}],"wp:attachment":[{"href":"https:\/\/www.elsindical.com.ar\/notas\/wp-json\/wp\/v2\/media?parent=15899"}],"wp:term":[{"taxonomy":"category","embeddable":true,"href":"https:\/\/www.elsindical.com.ar\/notas\/wp-json\/wp\/v2\/categories?post=15899"},{"taxonomy":"post_tag","embeddable":true,"href":"https:\/\/www.elsindical.com.ar\/notas\/wp-json\/wp\/v2\/tags?post=15899"}],"curies":[{"name":"wp","href":"https:\/\/api.w.org\/{rel}","templated":true}]}}