{"id":15896,"date":"2011-08-12T00:37:44","date_gmt":"2011-08-12T03:37:44","guid":{"rendered":"http:\/\/www.elsindical.com.ar\/notas\/?p=15896"},"modified":"2011-08-12T00:37:44","modified_gmt":"2011-08-12T03:37:44","slug":"junindepravado-se-mesturbo-en-el-colectivo-delante-de-una-nina-de-7-anos","status":"publish","type":"post","link":"https:\/\/www.elsindical.com.ar\/notas\/junindepravado-se-mesturbo-en-el-colectivo-delante-de-una-nina-de-7-anos\/","title":{"rendered":"Jun\u00edn:Depravado se mesturb\u00f3 en el colectivo delante de una ni\u00f1a de 7 a\u00f1os"},"content":{"rendered":"<div id=\"bajada\">\n<p style=\"text-align: justify;\"><em><a href=\"http:\/\/www.elsindical.com.ar\/notas\/var\/www\/html\/notas\/wp-content\/uploads\/2011\/08\/degenerado-gen\u00e9rico.jpg\"><img loading=\"lazy\" decoding=\"async\" class=\"alignleft size-medium wp-image-15897\" title=\"degenerado-gen\u00e9rico\" src=\"http:\/\/www.elsindical.com.ar\/notas\/var\/www\/html\/notas\/wp-content\/uploads\/2011\/08\/degenerado-gen\u00e9rico-300x192.jpg\" alt=\"\" width=\"300\" height=\"192\" srcset=\"https:\/\/www.elsindical.com.ar\/notas\/var\/www\/html\/notas\/wp-content\/uploads\/2011\/08\/degenerado-gen\u00e9rico-300x192.jpg 300w, https:\/\/www.elsindical.com.ar\/notas\/var\/www\/html\/notas\/wp-content\/uploads\/2011\/08\/degenerado-gen\u00e9rico.jpg 325w\" sizes=\"auto, (max-width: 300px) 100vw, 300px\" \/><\/a>El sujeto fue detenido en Jun\u00edn por haber cometido tan desagradable acto en un colectivo de l\u00ednea y frente a una chica que iba a la escuela. El chofer del micro lo denunci\u00f3 luego de que la nena le cont\u00f3 lo ocurrido.<\/em><\/p>\n<\/div>\n<div id=\"texto\">\n<p style=\"text-align: justify;\">El colectivo cumpl\u00eda su recorrido normal, alrededor de las 07:00 hs.\u00a0de la ma\u00f1ana.<\/p>\n<p style=\"text-align: justify;\">La nena vio c\u00f3mo el hombre que estaba sentado junto a ella se baj\u00f3 el cierre del pantalon y comenz\u00f3 a masturbarse.<\/p>\n<p style=\"text-align: justify;\">Despu\u00e9s de unos minutos, la menor se levant\u00f3 sin saber qu\u00e9 hacer y le cont\u00f3 al chofer lo ocurrido.<\/p>\n<p style=\"text-align: justify;\">El conductor detuvo el micro y llam\u00f3 a la polic\u00eda, que acudi\u00f3 para demorar al depravado.<\/p>\n<p style=\"text-align: justify;\">El C\u00f3digo Penal castiga con multa de $1.000 a $15.000 al que \u201cejecutare o hiciese ejecutar por otros actos de exhibiciones obscenas expuestas a ser vistas involuntariamente por terceros\u201d y agrava la pena a prisi\u00f3n de 6 meses a 4 a\u00f1os si los espectadores fueran menores de dieciocho a\u00f1os, como es este caso, \u201ccon independencia de la voluntad del afectado\u201d, seg\u00fan Diario Uno.<\/p>\n<\/div>\n","protected":false},"excerpt":{"rendered":"<p>El sujeto fue detenido en Jun\u00edn por haber cometido tan desagradable acto en un colectivo de l\u00ednea y frente a una chica que iba a la escuela. El chofer del micro lo denunci\u00f3 luego de que la nena le cont\u00f3 lo ocurrido. El colectivo cumpl\u00eda su recorrido normal, alrededor de las 07:00 hs.\u00a0de la ma\u00f1ana.&hellip;<\/p>\n","protected":false},"author":1,"featured_media":0,"comment_status":"open","ping_status":"open","sticky":false,"template":"","format":"standard","meta":{"footnotes":""},"categories":[22],"tags":[7003,652,2444,91,7748,933,223,1123,3045,30],"class_list":["post-15896","post","type-post","status-publish","format-standard","hentry","category-policiales","tag-alumna","tag-colectivo","tag-depravado","tag-detenido","tag-junin","tag-masturbacion","tag-menor","tag-multa","tag-pena","tag-policia"],"_links":{"self":[{"href":"https:\/\/www.elsindical.com.ar\/notas\/wp-json\/wp\/v2\/posts\/15896","targetHints":{"allow":["GET"]}}],"collection":[{"href":"https:\/\/www.elsindical.com.ar\/notas\/wp-json\/wp\/v2\/posts"}],"about":[{"href":"https:\/\/www.elsindical.com.ar\/notas\/wp-json\/wp\/v2\/types\/post"}],"author":[{"embeddable":true,"href":"https:\/\/www.elsindical.com.ar\/notas\/wp-json\/wp\/v2\/users\/1"}],"replies":[{"embeddable":true,"href":"https:\/\/www.elsindical.com.ar\/notas\/wp-json\/wp\/v2\/comments?post=15896"}],"version-history":[{"count":1,"href":"https:\/\/www.elsindical.com.ar\/notas\/wp-json\/wp\/v2\/posts\/15896\/revisions"}],"predecessor-version":[{"id":15898,"href":"https:\/\/www.elsindical.com.ar\/notas\/wp-json\/wp\/v2\/posts\/15896\/revisions\/15898"}],"wp:attachment":[{"href":"https:\/\/www.elsindical.com.ar\/notas\/wp-json\/wp\/v2\/media?parent=15896"}],"wp:term":[{"taxonomy":"category","embeddable":true,"href":"https:\/\/www.elsindical.com.ar\/notas\/wp-json\/wp\/v2\/categories?post=15896"},{"taxonomy":"post_tag","embeddable":true,"href":"https:\/\/www.elsindical.com.ar\/notas\/wp-json\/wp\/v2\/tags?post=15896"}],"curies":[{"name":"wp","href":"https:\/\/api.w.org\/{rel}","templated":true}]}}