{"id":15874,"date":"2011-08-11T12:43:04","date_gmt":"2011-08-11T15:43:04","guid":{"rendered":"http:\/\/www.elsindical.com.ar\/notas\/?p=15874"},"modified":"2011-08-11T12:43:04","modified_gmt":"2011-08-11T15:43:04","slug":"la-presidente-viajo-a-santa-cruz-por-la-perdida-del-embarazo-de-su-nuera","status":"publish","type":"post","link":"https:\/\/www.elsindical.com.ar\/notas\/la-presidente-viajo-a-santa-cruz-por-la-perdida-del-embarazo-de-su-nuera\/","title":{"rendered":"La Presidente viaj\u00f3 a Santa Cruz por la p\u00e9rdida del embarazo de su nuera"},"content":{"rendered":"<p style=\"text-align: justify;\"><em><a href=\"http:\/\/www.elsindical.com.ar\/notas\/var\/www\/html\/notas\/wp-content\/uploads\/2011\/08\/Cristina-y-Roc\u00edo.jpg\"><img loading=\"lazy\" decoding=\"async\" class=\"alignleft size-medium wp-image-15875\" title=\"Cristina-y-Roc\u00edo\" src=\"http:\/\/www.elsindical.com.ar\/notas\/var\/www\/html\/notas\/wp-content\/uploads\/2011\/08\/Cristina-y-Roc\u00edo-300x206.jpg\" alt=\"\" width=\"300\" height=\"206\" srcset=\"https:\/\/www.elsindical.com.ar\/notas\/var\/www\/html\/notas\/wp-content\/uploads\/2011\/08\/Cristina-y-Roc\u00edo-300x206.jpg 300w, https:\/\/www.elsindical.com.ar\/notas\/var\/www\/html\/notas\/wp-content\/uploads\/2011\/08\/Cristina-y-Roc\u00edo.jpg 413w\" sizes=\"auto, (max-width: 300px) 100vw, 300px\" \/><\/a>Cristina Kirchner\u00a0anunci\u00f3 que suspendi\u00f3 todas sus actividades oficiales para acompa\u00f1ar a\u00a0<strong>Mar\u00eda Roc\u00edo Garc\u00eda, la novia de su hijo M\u00e1ximo. A principio del mes pasado, la mandataria anunci\u00f3 por twitter que se iba a convertir en abuela. <\/strong><\/em><\/p>\n<p style=\"text-align: justify;\">La presidente Cristina Kirchner posterg\u00f3 todas sus actividades oficiales tras conocerse la p\u00e9rdida del embarazo de <strong>Mar\u00eda Roc\u00edo Garc\u00eda<\/strong>, la novia de su <strong>hijo M\u00e1ximo<\/strong>, seg\u00fan un comunicado oficial que difundi\u00f3 el gobierno nacional.<\/p>\n<p style=\"text-align: justify;\">La mandataria parti\u00f3 a las 09:10 hs.\u00a0a bordo del Tango 01, desde la base militar del aeroparque metropolitano, hacia la provincia de Santa Cruz para reunirse con sus familiares, se inform\u00f3 oficialmente.<\/p>\n<p style=\"text-align: justify;\">Ayer, en el acto de cierre de la campa\u00f1a para las elecciones primarias de este domingo, en el Teatro Coliseo, cont\u00f3 que M\u00e1ximo y su esposa estaban escuchando el discurso desde Santa Cruz y pidi\u00f3 a su hijo que la \u00abcuide mucho\u00bb.<\/p>\n<p style=\"text-align: justify;\">La Jefa de Estado ten\u00eda previsto reunirse\u00a0por la ma\u00f1ana con el gobernador de Salta, Juan Manuel Urtubey, y luego visitar la muestra Tecn\u00f3polis, indic\u00f3 el comunicado oficial.<\/p>\n<p style=\"text-align: justify;\">Otra de las actividades que se cancel\u00f3 fue su participaci\u00f3n en la inauguraci\u00f3n de las nuevas oficinas de la empresa argentina Globant.<\/p>\n<p style=\"text-align: justify;\">La Presidenta anunci\u00f3 a principio del mes pasado que se iba a convertir en abuela: \u00ab<strong>Nuesto hijo, M\u00e1ximo va a ser pap\u00e1. Voy a tener un nieto<\/strong>\u00ab.<\/p>\n<p style=\"text-align: justify;\">La Jefa de Estado as\u00ed lo enfatiz\u00f3 al escribir en su cuenta de twitter por primera vez desde el fallecimiento de N\u00e9stor Kirchner, el 26 de octubre del a\u00f1o pasado.<\/p>\n<p style=\"text-align: justify;\">\u00ab<strong>CFK abuela!, Dios te quita&#8230; Dios te da\u00bb,<\/strong> remarc\u00f3 Cristina Kirchner en aquella oportunidad, en la que tambi\u00e9n anunci\u00f3 que su sobrina Natalia, hija de Alicia Kirchner, transitaba el quinto mes de embarazo.<\/p>\n","protected":false},"excerpt":{"rendered":"<p>Cristina Kirchner\u00a0anunci\u00f3 que suspendi\u00f3 todas sus actividades oficiales para acompa\u00f1ar a\u00a0Mar\u00eda Roc\u00edo Garc\u00eda, la novia de su hijo M\u00e1ximo. A principio del mes pasado, la mandataria anunci\u00f3 por twitter que se iba a convertir en abuela. La presidente Cristina Kirchner posterg\u00f3 todas sus actividades oficiales tras conocerse la p\u00e9rdida del embarazo de Mar\u00eda Roc\u00edo Garc\u00eda,&hellip;<\/p>\n","protected":false},"author":1,"featured_media":0,"comment_status":"open","ping_status":"open","sticky":false,"template":"","format":"standard","meta":{"footnotes":""},"categories":[24],"tags":[1205,7672,7736,547,7737],"class_list":["post-15874","post","type-post","status-publish","format-standard","hentry","category-sociales","tag-cristina-fernandez-de-kirchner","tag-maximo-kirchner","tag-perdida-embarazo","tag-presidente","tag-roci"],"_links":{"self":[{"href":"https:\/\/www.elsindical.com.ar\/notas\/wp-json\/wp\/v2\/posts\/15874","targetHints":{"allow":["GET"]}}],"collection":[{"href":"https:\/\/www.elsindical.com.ar\/notas\/wp-json\/wp\/v2\/posts"}],"about":[{"href":"https:\/\/www.elsindical.com.ar\/notas\/wp-json\/wp\/v2\/types\/post"}],"author":[{"embeddable":true,"href":"https:\/\/www.elsindical.com.ar\/notas\/wp-json\/wp\/v2\/users\/1"}],"replies":[{"embeddable":true,"href":"https:\/\/www.elsindical.com.ar\/notas\/wp-json\/wp\/v2\/comments?post=15874"}],"version-history":[{"count":1,"href":"https:\/\/www.elsindical.com.ar\/notas\/wp-json\/wp\/v2\/posts\/15874\/revisions"}],"predecessor-version":[{"id":15876,"href":"https:\/\/www.elsindical.com.ar\/notas\/wp-json\/wp\/v2\/posts\/15874\/revisions\/15876"}],"wp:attachment":[{"href":"https:\/\/www.elsindical.com.ar\/notas\/wp-json\/wp\/v2\/media?parent=15874"}],"wp:term":[{"taxonomy":"category","embeddable":true,"href":"https:\/\/www.elsindical.com.ar\/notas\/wp-json\/wp\/v2\/categories?post=15874"},{"taxonomy":"post_tag","embeddable":true,"href":"https:\/\/www.elsindical.com.ar\/notas\/wp-json\/wp\/v2\/tags?post=15874"}],"curies":[{"name":"wp","href":"https:\/\/api.w.org\/{rel}","templated":true}]}}