{"id":15837,"date":"2011-08-09T15:03:02","date_gmt":"2011-08-09T18:03:02","guid":{"rendered":"http:\/\/www.elsindical.com.ar\/notas\/?p=15837"},"modified":"2011-08-09T15:03:02","modified_gmt":"2011-08-09T18:03:02","slug":"de-prostibulos-y-probabilidades-matematicas","status":"publish","type":"post","link":"https:\/\/www.elsindical.com.ar\/notas\/de-prostibulos-y-probabilidades-matematicas\/","title":{"rendered":"De prost\u00edbulos y probabilidades matem\u00e1ticas"},"content":{"rendered":"<p style=\"text-align: justify;\"><em><a href=\"http:\/\/www.elsindical.com.ar\/notas\/var\/www\/html\/notas\/wp-content\/uploads\/2011\/08\/Zaffaroni-y-los-prost\u00edbulos.jpg\"><img loading=\"lazy\" decoding=\"async\" class=\"alignleft size-medium wp-image-15839\" title=\"Zaffaroni-y-los-prost\u00edbulos\" src=\"http:\/\/www.elsindical.com.ar\/notas\/var\/www\/html\/notas\/wp-content\/uploads\/2011\/08\/Zaffaroni-y-los-prost\u00edbulos-300x155.jpg\" alt=\"\" width=\"300\" height=\"155\" srcset=\"https:\/\/www.elsindical.com.ar\/notas\/var\/www\/html\/notas\/wp-content\/uploads\/2011\/08\/Zaffaroni-y-los-prost\u00edbulos-300x155.jpg 300w, https:\/\/www.elsindical.com.ar\/notas\/var\/www\/html\/notas\/wp-content\/uploads\/2011\/08\/Zaffaroni-y-los-prost\u00edbulos.jpg 413w\" sizes=\"auto, (max-width: 300px) 100vw, 300px\" \/><\/a>Durante la \u00faltima semana del mes de julio 2011 se supo que el juez de la Corte Suprema de Justicia de la Argentina, Dr. Ra\u00fal Zaffaroni, tiene alquilados seis departamentos donde funcionan sendos prost\u00edbulos.<\/em><\/p>\n<p style=\"text-align: justify;\">En su descargo, el juez declar\u00f3 que no conoce a los inquilinos, y que los alquileres son manejados por terceros.<\/p>\n<p style=\"text-align: justify;\">\u00a0Es interesante calcular la probabilidad de que, por pura casualidad, de seis departamentos alquilados los seis sean usados como prost\u00edbulos.<\/p>\n<p style=\"text-align: justify;\">\u00a0Para calcular esta probabilidad es necesario conocer la probabilidad P de que un departamento alquilado cualquiera sea usado como prost\u00edbulo. Por ejemplo, si de cada diez departamentos alquilados en la Capital Federal uno es un prost\u00edbulo, entonces P=1\/10=0,1.<\/p>\n<p style=\"text-align: justify;\">La probabilidad P=0,1 es demasiado grande; este valor de P indica que, en promedio, en cada consorcio de la Capital Federal funciona un prost\u00edbulo. De acuerdo a la ONG La Alameda funcionan en Capital 600 prost\u00edbulos, y es obvio que existen m\u00e1s de 600 consorcios en Capital.<\/p>\n<p style=\"text-align: justify;\">Supongamos que la chance de que en un departamento alquilado funcione un prost\u00edbulo sea una en cien, es decir, P=0,01 (aproximadamente, uno cada diez consorcios).<\/p>\n<p style=\"text-align: justify;\">\u00a0Si las chances de que en un departamento determinado funcione un prost\u00edbulo es independiente de la chance de que en otro departamento a elegir tambi\u00e9n funcione un prost\u00edbulo (es decir, son eventos independientes), la chance de que en ambos funcione un prost\u00edbulo es PxP. De esta forma, si uno considera la chance de que N departamentos elegidos al azar todos sean alquilados por proxenetas, la probabilidad de que esto suceda es PxPxP&#8230;P N veces, o sea P elevado a la N potencia.<\/p>\n<p style=\"text-align: justify;\">Si P=0,1, la chance de que los seis departamentos del Dr. Zaffaroni sean prost\u00edbulos por puro azar es 1 en un mill\u00f3n. Si usamos el valor m\u00e1s razonable P=0,01, las chances de que por casualidad en los seis departamentos existan prost\u00edbulos es \u00a11 en un bill\u00f3n!&#8230; una cifra realmente astron\u00f3mica: la distancia de la Tierra al Sol medida en cm. es 15 billones de cm. (1 bill\u00f3n es un 1 seguido de 12 ceros).<\/p>\n<p style=\"text-align: justify;\">Conclusi\u00f3n: o el Dr. Zaffaroni tuvo mucha mala suerte al alquilar sus propiedades, o alguien sab\u00eda algo.<\/p>\n<p style=\"text-align: justify;\">\u00a0<br \/>\nDr. P. N. Safier<br \/>\nAstrof\u00edsico<br \/>\n<a href=\"mailto:pedro.n.safier@gmail.com\">pedro.n.safier@gmail.com<\/a><\/p>\n<p style=\"text-align: justify;\"><strong>Fuente:Peri\u00f3dico Tribuna de Periodistas<\/strong><\/p>\n","protected":false},"excerpt":{"rendered":"<p>Durante la \u00faltima semana del mes de julio 2011 se supo que el juez de la Corte Suprema de Justicia de la Argentina, Dr. Ra\u00fal Zaffaroni, tiene alquilados seis departamentos donde funcionan sendos prost\u00edbulos. En su descargo, el juez declar\u00f3 que no conoce a los inquilinos, y que los alquileres son manejados por terceros. \u00a0Es&hellip;<\/p>\n","protected":false},"author":1,"featured_media":0,"comment_status":"open","ping_status":"open","sticky":false,"template":"","format":"standard","meta":{"footnotes":""},"categories":[21],"tags":[7725,6122,5091,7646,1328,7724],"class_list":["post-15837","post","type-post","status-publish","format-standard","hentry","category-opinion","tag-conocimiento","tag-departamentos","tag-inquilinos","tag-juez-eugenio-zaffaroni","tag-prostibulos","tag-safier"],"_links":{"self":[{"href":"https:\/\/www.elsindical.com.ar\/notas\/wp-json\/wp\/v2\/posts\/15837","targetHints":{"allow":["GET"]}}],"collection":[{"href":"https:\/\/www.elsindical.com.ar\/notas\/wp-json\/wp\/v2\/posts"}],"about":[{"href":"https:\/\/www.elsindical.com.ar\/notas\/wp-json\/wp\/v2\/types\/post"}],"author":[{"embeddable":true,"href":"https:\/\/www.elsindical.com.ar\/notas\/wp-json\/wp\/v2\/users\/1"}],"replies":[{"embeddable":true,"href":"https:\/\/www.elsindical.com.ar\/notas\/wp-json\/wp\/v2\/comments?post=15837"}],"version-history":[{"count":3,"href":"https:\/\/www.elsindical.com.ar\/notas\/wp-json\/wp\/v2\/posts\/15837\/revisions"}],"predecessor-version":[{"id":15841,"href":"https:\/\/www.elsindical.com.ar\/notas\/wp-json\/wp\/v2\/posts\/15837\/revisions\/15841"}],"wp:attachment":[{"href":"https:\/\/www.elsindical.com.ar\/notas\/wp-json\/wp\/v2\/media?parent=15837"}],"wp:term":[{"taxonomy":"category","embeddable":true,"href":"https:\/\/www.elsindical.com.ar\/notas\/wp-json\/wp\/v2\/categories?post=15837"},{"taxonomy":"post_tag","embeddable":true,"href":"https:\/\/www.elsindical.com.ar\/notas\/wp-json\/wp\/v2\/tags?post=15837"}],"curies":[{"name":"wp","href":"https:\/\/api.w.org\/{rel}","templated":true}]}}