{"id":15819,"date":"2011-08-08T15:51:56","date_gmt":"2011-08-08T18:51:56","guid":{"rendered":"http:\/\/www.elsindical.com.ar\/notas\/?p=15819"},"modified":"2011-08-08T15:51:56","modified_gmt":"2011-08-08T18:51:56","slug":"lomas-de-zamoraen-una-pelea-de-adolescentes-uno-de-16-anos-mato-de-un-tiro-a-otro-de-13","status":"publish","type":"post","link":"https:\/\/www.elsindical.com.ar\/notas\/lomas-de-zamoraen-una-pelea-de-adolescentes-uno-de-16-anos-mato-de-un-tiro-a-otro-de-13\/","title":{"rendered":"Lomas de Zamora:En una pelea de adolescentes uno de 16 a\u00f1os mat\u00f3 de un tiro a otro de 13"},"content":{"rendered":"<p style=\"text-align: justify;\">\u00a0 <a href=\"http:\/\/www.elsindical.com.ar\/notas\/var\/www\/html\/notas\/wp-content\/uploads\/2010\/05\/disparos-pistola1.jpg\"><img loading=\"lazy\" decoding=\"async\" class=\"alignleft size-full wp-image-6653\" title=\"disparos-pistola\" src=\"http:\/\/www.elsindical.com.ar\/notas\/var\/www\/html\/notas\/wp-content\/uploads\/2010\/05\/disparos-pistola1.jpg\" alt=\"\" width=\"236\" height=\"170\" \/><\/a><em>Los hechos ocurrieron en la puerta de una vivienda de la localidad del sur, donde se festejaba un cumplea\u00f1os, por motivos que se desconocen, se origin\u00f3 una discusi\u00f3n y pelea entre adolescentes, cuando uno de ellos de 16 a\u00f1os comenz\u00f3 a disparar contra el grupo, se encuentra detenido.<\/em><\/p>\n<p style=\"text-align: justify;\">Una fiesta de cumplea\u00f1os termin\u00f3 de la peor manera en Lomas de Zamora. Durante una discusi\u00f3n, un adolescente mat\u00f3 a un chico de 13 a\u00f1os e hiri\u00f3 de un balazo a otro, de 16. El presunto agresor, tambi\u00e9n menor de edad, qued\u00f3 detenido.\u00a0<\/p>\n<p style=\"text-align: justify;\">El violento episodio ocurri\u00f3 en la madrugada de ayer, en una casa ubicada en Iturrioz, entre Paso y Larrea. All\u00ed, un grupo de adolescentes se hab\u00eda juntado para festejar un cumplea\u00f1os.\u00a0<\/p>\n<p style=\"text-align: justify;\">En medio de la fiesta, a\u00fan se desconocen las razones, se origin\u00f3 una pelea que sigui\u00f3 afuera de la casa. En ese contexto, un adolescente de 16 a\u00f1os sac\u00f3 un arma de fuego y comenz\u00f3 a disparar contra otros chicos.\u00a0<\/p>\n<p style=\"text-align: justify;\">Como consecuencia de los balazos, muri\u00f3 un chico de 13 a\u00f1os y otro de 16 result\u00f3 herido en un hombro. En tanto que el supuesto agresor escap\u00f3 del lugar, pero luego fue detenido en una casa de la calle Potos\u00ed al 600.\u00a0<\/p>\n<p style=\"text-align: justify;\">En el lugar se secuestr\u00f3 un rev\u00f3lver calibre .38 que ahora ser\u00e1 peritado para determinar si fue el utilizado para asesinar al adolescente.\u00a0<\/p>\n<p style=\"text-align: justify;\">El adolescente detenido qued\u00f3 alojado en una celda de la DDI de Lomas a la espera de ser indagado por un Fiscal de ese distrito.<\/p>\n","protected":false},"excerpt":{"rendered":"<p>\u00a0 Los hechos ocurrieron en la puerta de una vivienda de la localidad del sur, donde se festejaba un cumplea\u00f1os, por motivos que se desconocen, se origin\u00f3 una discusi\u00f3n y pelea entre adolescentes, cuando uno de ellos de 16 a\u00f1os comenz\u00f3 a disparar contra el grupo, se encuentra detenido. Una fiesta de cumplea\u00f1os termin\u00f3 de&hellip;<\/p>\n","protected":false},"author":1,"featured_media":0,"comment_status":"open","ping_status":"open","sticky":false,"template":"","format":"standard","meta":{"footnotes":""},"categories":[22],"tags":[885,718,91,4818,744,881,30],"class_list":["post-15819","post","type-post","status-publish","format-standard","hentry","category-policiales","tag-adolescentes","tag-cumpleanos","tag-detenido","tag-discusion","tag-lomas-de-zamora","tag-pelea","tag-policia"],"_links":{"self":[{"href":"https:\/\/www.elsindical.com.ar\/notas\/wp-json\/wp\/v2\/posts\/15819","targetHints":{"allow":["GET"]}}],"collection":[{"href":"https:\/\/www.elsindical.com.ar\/notas\/wp-json\/wp\/v2\/posts"}],"about":[{"href":"https:\/\/www.elsindical.com.ar\/notas\/wp-json\/wp\/v2\/types\/post"}],"author":[{"embeddable":true,"href":"https:\/\/www.elsindical.com.ar\/notas\/wp-json\/wp\/v2\/users\/1"}],"replies":[{"embeddable":true,"href":"https:\/\/www.elsindical.com.ar\/notas\/wp-json\/wp\/v2\/comments?post=15819"}],"version-history":[{"count":3,"href":"https:\/\/www.elsindical.com.ar\/notas\/wp-json\/wp\/v2\/posts\/15819\/revisions"}],"predecessor-version":[{"id":15823,"href":"https:\/\/www.elsindical.com.ar\/notas\/wp-json\/wp\/v2\/posts\/15819\/revisions\/15823"}],"wp:attachment":[{"href":"https:\/\/www.elsindical.com.ar\/notas\/wp-json\/wp\/v2\/media?parent=15819"}],"wp:term":[{"taxonomy":"category","embeddable":true,"href":"https:\/\/www.elsindical.com.ar\/notas\/wp-json\/wp\/v2\/categories?post=15819"},{"taxonomy":"post_tag","embeddable":true,"href":"https:\/\/www.elsindical.com.ar\/notas\/wp-json\/wp\/v2\/tags?post=15819"}],"curies":[{"name":"wp","href":"https:\/\/api.w.org\/{rel}","templated":true}]}}