{"id":15785,"date":"2011-08-05T19:48:07","date_gmt":"2011-08-05T22:48:07","guid":{"rendered":"http:\/\/www.elsindical.com.ar\/notas\/?p=15785"},"modified":"2011-08-05T19:48:07","modified_gmt":"2011-08-05T22:48:07","slug":"nueva-denuncia-contra-miguel-angel-cherutti-por-acosador","status":"publish","type":"post","link":"https:\/\/www.elsindical.com.ar\/notas\/nueva-denuncia-contra-miguel-angel-cherutti-por-acosador\/","title":{"rendered":"Nueva denuncia contra Miguel \u00c1ngel Cherutti por acosador"},"content":{"rendered":"<div id=\"bajada\">\n<p style=\"text-align: justify;\"><a href=\"http:\/\/www.elsindical.com.ar\/notas\/var\/www\/html\/notas\/wp-content\/uploads\/2011\/08\/Mariela-Montero-malla.jpg\"><img loading=\"lazy\" decoding=\"async\" class=\"alignleft size-medium wp-image-15786\" title=\"Mariela-Montero-malla\" src=\"http:\/\/www.elsindical.com.ar\/notas\/var\/www\/html\/notas\/wp-content\/uploads\/2011\/08\/Mariela-Montero-malla-300x231.jpg\" alt=\"\" width=\"300\" height=\"231\" srcset=\"https:\/\/www.elsindical.com.ar\/notas\/var\/www\/html\/notas\/wp-content\/uploads\/2011\/08\/Mariela-Montero-malla-300x231.jpg 300w, https:\/\/www.elsindical.com.ar\/notas\/var\/www\/html\/notas\/wp-content\/uploads\/2011\/08\/Mariela-Montero-malla.jpg 325w\" sizes=\"auto, (max-width: 300px) 100vw, 300px\" \/><\/a>La fuerte acusaci\u00f3n pertenece a <strong>Mariela Montero<\/strong>, la ex Gran Hermano, contra el c\u00f3mico. Adem\u00e1s, afirm\u00f3 que la bes\u00f3 <em>\u00abde un modo asqueroso\u00bb<\/em>.<\/p>\n<\/div>\n<div id=\"texto\">\n<p style=\"text-align: justify;\">La ex Gran Hermano <strong>Mariela Montero<\/strong> vivi\u00f3 un horrible episodio con el productor teatral <strong>Miguel Angel Cherutti<\/strong>. <em>\u201cLogr\u00e9 contactarme con su gente y tener una entrevista laboral, \u00e9l me llev\u00f3 a un camar\u00edn y a modo de casting, como quien hace una improvisaci\u00f3n, aprovech\u00f3 para tocarme y besarme de un modo efusivo y asqueroso\u201d<\/em>, afirm\u00f3.<\/p>\n<p style=\"text-align: justify;\">Si bien aclar\u00f3 que \u00e9l no le ofreci\u00f3 trabajo a cambio de sexo, seg\u00fan ella, s\u00ed dej\u00f3 entrever su actitud. <em>\u201cYo no segu\u00ed su juego y lo cort\u00e9. Se dio cuenta de mi incomodidad y por supuesto jam\u00e1s me llam\u00f3 para trabajar en su compa\u00f1\u00eda\u201d<\/em>, indic\u00f3 y precis\u00f3 que el hecho ocurri\u00f3 en 2008.<\/p>\n<p style=\"text-align: justify;\"><em>\u201cSi antes no sal\u00ed a hablar fue porque era m\u00e1s chica y ten\u00eda miedo a que se me cerraran las puertas por denunciar algo as\u00ed. No me importa lo que digan yo estoy segura de mi verdad. No tengo la maldad como para andar inventando semejantes cosas, en este momento de mi vida estoy totalmente en otra\u201d<\/em>, manifest\u00f3.<\/p>\n<p style=\"text-align: justify;\">De acuerdo a lo que informa <em>Primiciasya, \u201cNo recib\u00ed amenazas, creo que \u00e9l sabe c\u00f3mo manejarse con cada quien. No creo que salga a contestar porque no tiene nada para decir, y no le conviene. Estoy segura que no fui la \u00fanica y si llega a tomar alguna medida est\u00e1 en todo su derecho, yo ya no soy una nena y no le tengo miedo\u201d<\/em>, cerr\u00f3.<\/p>\n<\/div>\n","protected":false},"excerpt":{"rendered":"<p>La fuerte acusaci\u00f3n pertenece a Mariela Montero, la ex Gran Hermano, contra el c\u00f3mico. Adem\u00e1s, afirm\u00f3 que la bes\u00f3 \u00abde un modo asqueroso\u00bb. La ex Gran Hermano Mariela Montero vivi\u00f3 un horrible episodio con el productor teatral Miguel Angel Cherutti. \u201cLogr\u00e9 contactarme con su gente y tener una entrevista laboral, \u00e9l me llev\u00f3 a un&hellip;<\/p>\n","protected":false},"author":1,"featured_media":0,"comment_status":"open","ping_status":"open","sticky":false,"template":"","format":"standard","meta":{"footnotes":""},"categories":[6],"tags":[7709,175,6081,7707,7708],"class_list":["post-15785","post","type-post","status-publish","format-standard","hentry","category-denuncias","tag-acoso","tag-denuncia","tag-gran-hermano","tag-mariela-montero","tag-miguel-angel-cherutti"],"_links":{"self":[{"href":"https:\/\/www.elsindical.com.ar\/notas\/wp-json\/wp\/v2\/posts\/15785","targetHints":{"allow":["GET"]}}],"collection":[{"href":"https:\/\/www.elsindical.com.ar\/notas\/wp-json\/wp\/v2\/posts"}],"about":[{"href":"https:\/\/www.elsindical.com.ar\/notas\/wp-json\/wp\/v2\/types\/post"}],"author":[{"embeddable":true,"href":"https:\/\/www.elsindical.com.ar\/notas\/wp-json\/wp\/v2\/users\/1"}],"replies":[{"embeddable":true,"href":"https:\/\/www.elsindical.com.ar\/notas\/wp-json\/wp\/v2\/comments?post=15785"}],"version-history":[{"count":2,"href":"https:\/\/www.elsindical.com.ar\/notas\/wp-json\/wp\/v2\/posts\/15785\/revisions"}],"predecessor-version":[{"id":15788,"href":"https:\/\/www.elsindical.com.ar\/notas\/wp-json\/wp\/v2\/posts\/15785\/revisions\/15788"}],"wp:attachment":[{"href":"https:\/\/www.elsindical.com.ar\/notas\/wp-json\/wp\/v2\/media?parent=15785"}],"wp:term":[{"taxonomy":"category","embeddable":true,"href":"https:\/\/www.elsindical.com.ar\/notas\/wp-json\/wp\/v2\/categories?post=15785"},{"taxonomy":"post_tag","embeddable":true,"href":"https:\/\/www.elsindical.com.ar\/notas\/wp-json\/wp\/v2\/tags?post=15785"}],"curies":[{"name":"wp","href":"https:\/\/api.w.org\/{rel}","templated":true}]}}