{"id":15748,"date":"2011-08-04T21:52:56","date_gmt":"2011-08-05T00:52:56","guid":{"rendered":"http:\/\/www.elsindical.com.ar\/notas\/?p=15748"},"modified":"2011-08-04T21:52:56","modified_gmt":"2011-08-05T00:52:56","slug":"un-sector-docente-convoca-al-paro-para-el-viernes","status":"publish","type":"post","link":"https:\/\/www.elsindical.com.ar\/notas\/un-sector-docente-convoca-al-paro-para-el-viernes\/","title":{"rendered":"Un sector docente convoca al paro para el viernes"},"content":{"rendered":"<p style=\"text-align: justify;\"><a href=\"http:\/\/www.elsindical.com.ar\/notas\/var\/www\/html\/notas\/wp-content\/uploads\/2009\/11\/aula-vac\u00eda2.jpg\"><img loading=\"lazy\" decoding=\"async\" class=\"alignleft size-full wp-image-1926\" title=\"aula-vac\u00eda\" src=\"http:\/\/www.elsindical.com.ar\/notas\/var\/www\/html\/notas\/wp-content\/uploads\/2009\/11\/aula-vac\u00eda2.jpg\" alt=\"\" width=\"227\" height=\"133\" \/><\/a>Reproducimos comunicado:<\/p>\n<p style=\"text-align: justify;\">Paremos por aumento salarial y exijamos al Frente Gremial que se una a la lucha 5 de agosto, paro docente en provincia de Bs. As.\u00a0<\/p>\n<p style=\"text-align: justify;\">Paremos por aumento salarial y exijamos al Frente Gremial que se una a la lucha\u00a0.<\/p>\n<p style=\"text-align: justify;\">Desde hace un mes los sindicatos docentes de la provincia de Bs. As. vienen solicitando a Scioli la reapertura de las paritarias para, entre otras cuestiones, reclamar un aumento salarial de emergencia. Este hecho demuestra lo\u00a0 acertado de las cr\u00edticas que desde la oposici\u00f3n docente hicimos al magro acuerdo de principio de a\u00f1o.\u00a0<\/p>\n<p style=\"text-align: justify;\">Scioli respondi\u00f3 que no estaba en sus planes reabrirlas. Ante esto UDOCBA,\u00a0 sindicato minoritario, decidi\u00f3 convocar un paro de 24hs el viernes 5.\u00a0<\/p>\n<p style=\"text-align: justify;\">M\u00e1s all\u00e1 de las inconsecuencias mostrada por esta conducci\u00f3n tan burocr\u00e1tica\u00a0 como las de SUTEBA y FEB, el malestar y la necesidad de salir a luchar por\u00a0 salarios que muestra la mayor\u00eda de la docencia bonaerense, hacen que esta\u00a0 convocatoria pueda ser aprovechada para adherir al paro y tratar de reiniciar\u00a0 un proceso de lucha que empuje, inclusive, a los sindicatos del Frente Gremial\u00a0\u00a0y salir de la pasividad c\u00f3mplice y se vean obligados a sumarse a la\u00a0 lucha. Nuestra agrupaci\u00f3n Docentes en Marcha, junto a otras agrupaciones de\u00a0 oposici\u00f3n, llamamos a los docentes a realizar asambleas en sus escuelas y proponemos que se adhiera a este paro, reclamando un inmediato aumento salarial. Y exigiendo al Frente Gremial que tambi\u00e9n se unifiquen en la lucha, d\u00e1ndole continuidad.\u00a0\u00a0<\/p>\n<p style=\"text-align: justify;\">\u00a0<br \/>\nAgrupaci\u00f3n Nacional<br \/>\nDocentes en Marcha<br \/>\nEmail: <a href=\"http:\/\/www.elsindical.com.ar\/webmail\/src\/compose.php?send_to=docentesenmarcha_sur%40yahoo.com.ar\">docentesenmarcha_sur@yahoo.com.ar<\/a><\/p>\n<p>IZQUIERDA SOCIALISTA<br \/>\nen el FRENTE de IZQUIERDA<br \/>\nRegional Sur<br \/>\n\u00a0<br \/>\nLocal\u00a0en Lan\u00fas<br \/>\nAvenida Salta 219, a 1 cuadra de Camino General Belgrano, Gerli<br \/>\n\u00a0<br \/>\nLocal\u00a0en Lomas de Zamora<br \/>\nBalcarce 421, a 4 cuadras de la Estaci\u00f3n de Lomas<br \/>\n\u00a0<br \/>\n<a href=\"http:\/\/www.elsindical.com.ar\/webmail\/src\/compose.php?send_to=is_sur%40yahoo.com.ar\">is_sur@yahoo.com.ar<\/a><br \/>\n\u00a0<br \/>\n<a href=\"http:\/\/www.izquierdasocialista.org.ar\/\">www.izquierdasocialista.org.ar<\/a><\/p>\n","protected":false},"excerpt":{"rendered":"<p>Reproducimos comunicado: Paremos por aumento salarial y exijamos al Frente Gremial que se una a la lucha 5 de agosto, paro docente en provincia de Bs. As.\u00a0 Paremos por aumento salarial y exijamos al Frente Gremial que se una a la lucha\u00a0. Desde hace un mes los sindicatos docentes de la provincia de Bs. As.&hellip;<\/p>\n","protected":false},"author":1,"featured_media":0,"comment_status":"open","ping_status":"open","sticky":false,"template":"","format":"standard","meta":{"footnotes":""},"categories":[16],"tags":[497,744,67],"class_list":["post-15748","post","type-post","status-publish","format-standard","hentry","category-gremiales","tag-docentes","tag-lomas-de-zamora","tag-paro"],"_links":{"self":[{"href":"https:\/\/www.elsindical.com.ar\/notas\/wp-json\/wp\/v2\/posts\/15748","targetHints":{"allow":["GET"]}}],"collection":[{"href":"https:\/\/www.elsindical.com.ar\/notas\/wp-json\/wp\/v2\/posts"}],"about":[{"href":"https:\/\/www.elsindical.com.ar\/notas\/wp-json\/wp\/v2\/types\/post"}],"author":[{"embeddable":true,"href":"https:\/\/www.elsindical.com.ar\/notas\/wp-json\/wp\/v2\/users\/1"}],"replies":[{"embeddable":true,"href":"https:\/\/www.elsindical.com.ar\/notas\/wp-json\/wp\/v2\/comments?post=15748"}],"version-history":[{"count":2,"href":"https:\/\/www.elsindical.com.ar\/notas\/wp-json\/wp\/v2\/posts\/15748\/revisions"}],"predecessor-version":[{"id":15750,"href":"https:\/\/www.elsindical.com.ar\/notas\/wp-json\/wp\/v2\/posts\/15748\/revisions\/15750"}],"wp:attachment":[{"href":"https:\/\/www.elsindical.com.ar\/notas\/wp-json\/wp\/v2\/media?parent=15748"}],"wp:term":[{"taxonomy":"category","embeddable":true,"href":"https:\/\/www.elsindical.com.ar\/notas\/wp-json\/wp\/v2\/categories?post=15748"},{"taxonomy":"post_tag","embeddable":true,"href":"https:\/\/www.elsindical.com.ar\/notas\/wp-json\/wp\/v2\/tags?post=15748"}],"curies":[{"name":"wp","href":"https:\/\/api.w.org\/{rel}","templated":true}]}}