{"id":15737,"date":"2011-08-04T00:33:03","date_gmt":"2011-08-04T03:33:03","guid":{"rendered":"http:\/\/www.elsindical.com.ar\/notas\/?p=15737"},"modified":"2011-08-04T00:33:03","modified_gmt":"2011-08-04T03:33:03","slug":"la-inmobiliaria-a-cargo-de-propiedades-de-zaffaroni-no-tenia-habilitacion","status":"publish","type":"post","link":"https:\/\/www.elsindical.com.ar\/notas\/la-inmobiliaria-a-cargo-de-propiedades-de-zaffaroni-no-tenia-habilitacion\/","title":{"rendered":"La inmobiliaria a cargo de propiedades de Zaffaroni no ten\u00eda habilitaci\u00f3n"},"content":{"rendered":"<p style=\"text-align: justify;\"><em><a href=\"http:\/\/www.elsindical.com.ar\/notas\/var\/www\/html\/notas\/wp-content\/uploads\/2011\/08\/sede-Juan-Calvo-propiedades.jpg\"><img loading=\"lazy\" decoding=\"async\" class=\"alignleft size-medium wp-image-15738\" title=\"sede-Juan-Calvo-propiedades\" src=\"http:\/\/www.elsindical.com.ar\/notas\/var\/www\/html\/notas\/wp-content\/uploads\/2011\/08\/sede-Juan-Calvo-propiedades-300x206.jpg\" alt=\"\" width=\"300\" height=\"206\" srcset=\"https:\/\/www.elsindical.com.ar\/notas\/var\/www\/html\/notas\/wp-content\/uploads\/2011\/08\/sede-Juan-Calvo-propiedades-300x206.jpg 300w, https:\/\/www.elsindical.com.ar\/notas\/var\/www\/html\/notas\/wp-content\/uploads\/2011\/08\/sede-Juan-Calvo-propiedades.jpg 413w\" sizes=\"auto, (max-width: 300px) 100vw, 300px\" \/><\/a>Juan Calvo Propiedades habr\u00eda alquilado el departamento-prost\u00edbulo que descubri\u00f3 <strong>Perfil.com<\/strong>. Estaba ubicada en Villa del Parque, pero cerr\u00f3 hace dos meses.<\/em><\/p>\n<p style=\"text-align: justify;\">\u00abPor supuesto que dispondr\u00e9 que cambien la inmobiliaria\u00a0 por otra m\u00e1s responsable, que no se limite a ver si las garant\u00edas son buenas\u00bb, <a href=\"http:\/\/www.perfil.com\/contenidos\/2011\/07\/31\/noticia_0005.html\" target=\"_blank\"><strong>anunciaba Eugenio Ra\u00fal Zaffaroni<\/strong><\/a> el domingo pasado, en medio del esc\u00e1ndalo por <a href=\"http:\/\/www.perfil.com\/contenidos\/2011\/07\/29\/noticia_0035.html\" target=\"_blank\"><strong>los prost\u00edbulos que se descubrieron en sus propiedades.<\/strong><\/a><\/p>\n<p style=\"text-align: justify;\">La declaraci\u00f3n es atinada si se considera que <strong>la inmobiliaria que administraba sus departamentos no ten\u00eda habilitaci\u00f3n y estaba cerrada hace dos meses.<\/strong> Dicha empresa habr\u00eda sido la responsable del alquiler de al menos el primer departamento, ubicado en el barrio porte\u00f1o de Recoleta y <a href=\"http:\/\/www.perfil.com\/contenidos\/2011\/07\/22\/noticia_0041.html\" target=\"_blank\"><strong>revelado por Perfil.com<\/strong><\/a><\/p>\n<p>La inmobiliaria <strong>Juan Calvo Propiedades tiene oficinas en Nazca 3271,<\/strong> en el barrio porte\u00f1o de Villa del Parque, pero fue abandonada hace dos meses, seg\u00fan descubri\u00f3 el diario <em>Libre<\/em>. El sitio web donde ofrec\u00eda unas treinta propiedades para vender o alquilar fue dado de baja.<\/p>\n<p>Pero lo m\u00e1s grave es que la inmobiliaria nunca estuvo habilitada para operar. <strong>\u00abJuan Calvo jam\u00e1s tuvo la matr\u00edcula\u00bb,<\/strong> afirm\u00f3 a <em>Libre<\/em> Fernando Cancel, directivo del Colegio \u00danico de Corredores Inmobiliarios de Buenos Aires. \u00abUn colega la denunci\u00f3 y enviamos un inspector que encontr\u00f3 una sede vac\u00eda\u00bb.<\/p>\n<p>Una explicaci\u00f3n posible es que la empresa de Gerardo Juan Calvo (32) se haya mudado al edificio contiguo, en Nazca 3269. All\u00ed se ubica Soluciones 72 DPI, un estudio de dise\u00f1o gr\u00e1fico que estuvo a cargo del sitio web de la inmobiliaria, tambi\u00e9n registrado a nombre de Calvo. <strong>\u00abAc\u00e1 no hay nadie con ese nombre\u00bb,<\/strong> dijeron a <em>Libre<\/em>. Pero el t\u00edtulo de dise\u00f1ador gr\u00e1fico de la UBA de Calvo estaba colgado en la pared.<\/p>\n<p style=\"text-align: justify;\"><strong>Fuente:Perfil.com<\/strong><\/p>\n","protected":false},"excerpt":{"rendered":"<p>Juan Calvo Propiedades habr\u00eda alquilado el departamento-prost\u00edbulo que descubri\u00f3 Perfil.com. Estaba ubicada en Villa del Parque, pero cerr\u00f3 hace dos meses. \u00abPor supuesto que dispondr\u00e9 que cambien la inmobiliaria\u00a0 por otra m\u00e1s responsable, que no se limite a ver si las garant\u00edas son buenas\u00bb, anunciaba Eugenio Ra\u00fal Zaffaroni el domingo pasado, en medio del esc\u00e1ndalo&hellip;<\/p>\n","protected":false},"author":1,"featured_media":0,"comment_status":"open","ping_status":"open","sticky":false,"template":"","format":"standard","meta":{"footnotes":""},"categories":[12],"tags":[3796,7684,1159,2435],"class_list":["post-15737","post","type-post","status-publish","format-standard","hentry","category-investigacion","tag-departamento","tag-juan-calvo-propiedades","tag-prostibulo","tag-villa-del-parque"],"_links":{"self":[{"href":"https:\/\/www.elsindical.com.ar\/notas\/wp-json\/wp\/v2\/posts\/15737","targetHints":{"allow":["GET"]}}],"collection":[{"href":"https:\/\/www.elsindical.com.ar\/notas\/wp-json\/wp\/v2\/posts"}],"about":[{"href":"https:\/\/www.elsindical.com.ar\/notas\/wp-json\/wp\/v2\/types\/post"}],"author":[{"embeddable":true,"href":"https:\/\/www.elsindical.com.ar\/notas\/wp-json\/wp\/v2\/users\/1"}],"replies":[{"embeddable":true,"href":"https:\/\/www.elsindical.com.ar\/notas\/wp-json\/wp\/v2\/comments?post=15737"}],"version-history":[{"count":1,"href":"https:\/\/www.elsindical.com.ar\/notas\/wp-json\/wp\/v2\/posts\/15737\/revisions"}],"predecessor-version":[{"id":15739,"href":"https:\/\/www.elsindical.com.ar\/notas\/wp-json\/wp\/v2\/posts\/15737\/revisions\/15739"}],"wp:attachment":[{"href":"https:\/\/www.elsindical.com.ar\/notas\/wp-json\/wp\/v2\/media?parent=15737"}],"wp:term":[{"taxonomy":"category","embeddable":true,"href":"https:\/\/www.elsindical.com.ar\/notas\/wp-json\/wp\/v2\/categories?post=15737"},{"taxonomy":"post_tag","embeddable":true,"href":"https:\/\/www.elsindical.com.ar\/notas\/wp-json\/wp\/v2\/tags?post=15737"}],"curies":[{"name":"wp","href":"https:\/\/api.w.org\/{rel}","templated":true}]}}