{"id":15733,"date":"2011-08-04T00:24:22","date_gmt":"2011-08-04T03:24:22","guid":{"rendered":"http:\/\/www.elsindical.com.ar\/notas\/?p=15733"},"modified":"2011-08-04T00:33:54","modified_gmt":"2011-08-04T03:33:54","slug":"nilda-garre-dispuso-que-los-menores-de-edad-solo-podran-ser-demorados-en-algunas-comisarias","status":"publish","type":"post","link":"https:\/\/www.elsindical.com.ar\/notas\/nilda-garre-dispuso-que-los-menores-de-edad-solo-podran-ser-demorados-en-algunas-comisarias\/","title":{"rendered":"Nilda Garr\u00e9 dispuso que los menores de edad, solo podr\u00e1n ser demorados en algunas comisar\u00edas"},"content":{"rendered":"<p style=\"text-align: justify;\"><em><a href=\"http:\/\/www.elsindical.com.ar\/notas\/var\/www\/html\/notas\/wp-content\/uploads\/2011\/08\/Nilda-Garr\u00e9-conferencia-de-.jpg\"><img loading=\"lazy\" decoding=\"async\" class=\"alignleft size-medium wp-image-15734\" title=\"Nilda-Garr\u00e9-conferencia-de-\" src=\"http:\/\/www.elsindical.com.ar\/notas\/var\/www\/html\/notas\/wp-content\/uploads\/2011\/08\/Nilda-Garr\u00e9-conferencia-de--300x224.jpg\" alt=\"\" width=\"300\" height=\"224\" srcset=\"https:\/\/www.elsindical.com.ar\/notas\/var\/www\/html\/notas\/wp-content\/uploads\/2011\/08\/Nilda-Garr\u00e9-conferencia-de--300x224.jpg 300w, https:\/\/www.elsindical.com.ar\/notas\/var\/www\/html\/notas\/wp-content\/uploads\/2011\/08\/Nilda-Garr\u00e9-conferencia-de-.jpg 325w\" sizes=\"auto, (max-width: 300px) 100vw, 300px\" \/><\/a>Por resoluci\u00f3n de la ministra de Seguridad, Nilda Garr\u00e9, los menores de edad<\/em><br \/>\n<em>imputados en causas penales podr\u00e1n ser alojados solamente en determinadas<\/em><br \/>\n<em>comisar\u00edas porte\u00f1as que disponen de condiciones adecuadas.<\/em><\/p>\n<p>\u201cLuego de una fiscalizaci\u00f3n de todas las comisar\u00edas porte\u00f1as, concluimos que resultaba indispensable asegurar condiciones dignas de alojamiento a los menores que deben ser detenidos\u201d, se\u00f1al\u00f3 la ministra Garr\u00e9.<\/p>\n<p style=\"text-align: justify;\">Esta medida es provisoria y regir\u00e1 hasta tanto entre en funcionamiento un nuevo alojamiento transitorio de ni\u00f1as, ni\u00f1os y adolescentes a cargo de la Secretaria de Ni\u00f1ez, Adolescencia y Familia del Ministerio de Desarrollo Social.<\/p>\n<p>Este centro estar\u00e1 ubicado en la calle Per\u00f3n 2048 de la Ciudad de Buenos Aires, sede del actual Centro de R\u00e9gimen Cerrado para Adolescentes Mujeres \u00ab\u00darsula de Inchausti\u00bb.<\/p>\n<p style=\"text-align: justify;\">En la actualidad este edificio est\u00e1 en refacci\u00f3n, por eso, los menores que deban ser detenidos estar\u00e1n alojados s\u00f3lo en las comisar\u00edas seleccionadas por un\u00a0 equipo espec\u00edfico del Ministerio.<\/p>\n<p style=\"text-align: justify;\">Las comisarias seleccionadas son las siguientes:<br \/>\nCircunscripci\u00f3n primera: Comisar\u00eda 1ra.<br \/>\nCircunscripci\u00f3n segunda: Comisar\u00eda 9na.<br \/>\nCircunscripci\u00f3n tercera: Comisar\u00edas 15 y 19.<br \/>\nCircunscripci\u00f3n cuarta: Comisar\u00eda 30.<br \/>\nCircunscripci\u00f3n quinta: Comisar\u00eda 37.<br \/>\nCircunscripci\u00f3n sexta: Comisar\u00eda 11.<br \/>\nCircunscripci\u00f3n s\u00e9ptima: Comisar\u00edas 35 y 45.<br \/>\nCircunscripci\u00f3n octava: Comisar\u00eda 52.<\/p>\n<p style=\"text-align: justify;\"><strong>Fuente: Prensa Ministerio de Seguridad<\/strong><\/p>\n","protected":false},"excerpt":{"rendered":"<p>Por resoluci\u00f3n de la ministra de Seguridad, Nilda Garr\u00e9, los menores de edad imputados en causas penales podr\u00e1n ser alojados solamente en determinadas comisar\u00edas porte\u00f1as que disponen de condiciones adecuadas. \u201cLuego de una fiscalizaci\u00f3n de todas las comisar\u00edas porte\u00f1as, concluimos que resultaba indispensable asegurar condiciones dignas de alojamiento a los menores que deben ser detenidos\u201d,&hellip;<\/p>\n","protected":false},"author":1,"featured_media":0,"comment_status":"open","ping_status":"open","sticky":false,"template":"","format":"standard","meta":{"footnotes":""},"categories":[13],"tags":[6192,892,7683,252,6674,5366],"class_list":["post-15733","post","type-post","status-publish","format-standard","hentry","category-politica","tag-comisarias","tag-delitos","tag-disposicion","tag-menores","tag-ministro-de-seguridad","tag-nilda-garre"],"_links":{"self":[{"href":"https:\/\/www.elsindical.com.ar\/notas\/wp-json\/wp\/v2\/posts\/15733","targetHints":{"allow":["GET"]}}],"collection":[{"href":"https:\/\/www.elsindical.com.ar\/notas\/wp-json\/wp\/v2\/posts"}],"about":[{"href":"https:\/\/www.elsindical.com.ar\/notas\/wp-json\/wp\/v2\/types\/post"}],"author":[{"embeddable":true,"href":"https:\/\/www.elsindical.com.ar\/notas\/wp-json\/wp\/v2\/users\/1"}],"replies":[{"embeddable":true,"href":"https:\/\/www.elsindical.com.ar\/notas\/wp-json\/wp\/v2\/comments?post=15733"}],"version-history":[{"count":3,"href":"https:\/\/www.elsindical.com.ar\/notas\/wp-json\/wp\/v2\/posts\/15733\/revisions"}],"predecessor-version":[{"id":15740,"href":"https:\/\/www.elsindical.com.ar\/notas\/wp-json\/wp\/v2\/posts\/15733\/revisions\/15740"}],"wp:attachment":[{"href":"https:\/\/www.elsindical.com.ar\/notas\/wp-json\/wp\/v2\/media?parent=15733"}],"wp:term":[{"taxonomy":"category","embeddable":true,"href":"https:\/\/www.elsindical.com.ar\/notas\/wp-json\/wp\/v2\/categories?post=15733"},{"taxonomy":"post_tag","embeddable":true,"href":"https:\/\/www.elsindical.com.ar\/notas\/wp-json\/wp\/v2\/tags?post=15733"}],"curies":[{"name":"wp","href":"https:\/\/api.w.org\/{rel}","templated":true}]}}