{"id":1568,"date":"2009-11-07T00:55:44","date_gmt":"2009-11-07T03:55:44","guid":{"rendered":"http:\/\/www.elsindical.com.ar\/notas\/?p=1568"},"modified":"2009-11-07T00:55:44","modified_gmt":"2009-11-07T03:55:44","slug":"la-oposicion-portena-insiste-con-una-comision-investigadora-por-las-escuchas-ilegales","status":"publish","type":"post","link":"https:\/\/www.elsindical.com.ar\/notas\/la-oposicion-portena-insiste-con-una-comision-investigadora-por-las-escuchas-ilegales\/","title":{"rendered":"La oposici\u00f3n porte\u00f1a insiste con una comisi\u00f3n investigadora por las escuchas ilegales"},"content":{"rendered":"<p style=\"text-align: justify;\"><span><strong><img loading=\"lazy\" decoding=\"async\" class=\"alignleft size-full wp-image-1569\" title=\"Legisladores-oposici\u00f3n-legi\" src=\"http:\/\/www.elsindical.com.ar\/notas\/var\/www\/html\/notas\/wp-content\/uploads\/2009\/11\/Legisladores-oposici\u00f3n-legi.jpg\" alt=\"Legisladores-oposici\u00f3n-legi\" width=\"312\" height=\"116\" srcset=\"https:\/\/www.elsindical.com.ar\/notas\/var\/www\/html\/notas\/wp-content\/uploads\/2009\/11\/Legisladores-oposici\u00f3n-legi.jpg 312w, https:\/\/www.elsindical.com.ar\/notas\/var\/www\/html\/notas\/wp-content\/uploads\/2009\/11\/Legisladores-oposici\u00f3n-legi-300x111.jpg 300w\" sizes=\"auto, (max-width: 312px) 100vw, 312px\" \/>Legisladores de diferentes bloques reimpulsaron el proyecto de creaci\u00f3n de una Comisi\u00f3n Investigadora en la Legislatura por las escuchas efectuadas por Ciro James y calificaron como \u00abun esc\u00e1ndalo\u00bb a los nuevos datos del caso que demostraron \u00abpinchaduras\u00bb telef\u00f3nicas al cu\u00f1ado de Mauricio Macri. <\/strong><\/span><\/p>\n<p><span><\/p>\n<div id=\"spntxt\" style=\"text-align: justify; padding-left: 3px; padding-right: 5px;\">\u00abRatificamos la necesidad de creaci\u00f3n de la Comisi\u00f3n para profundizar la investigaci\u00f3n sobre las escuchas que salpican al Gobierno de la Ciudad y que va escalando d\u00eda a d\u00eda\u00bb, asever\u00f3 el legislador An\u00edbal Ibarra, quien comparti\u00f3 el pedido con diversos diputados que conforman el arco opositor.<\/p>\n<p>La creaci\u00f3n de la Comisi\u00f3n Investigadora est\u00e1 contemplada en el art\u00edculo 83 de la Constituci\u00f3n de la Ciudad, donde establece que estar\u00e1 integrada por \u00abdiputados y respeta la representaci\u00f3n de los partidos pol\u00edticos y alianza\u00bb.<\/p>\n<p>En conferencia de prensa en el Parlamento, los legisladores recordaron los intentos en las \u00faltimas semanas por lograr la conformaci\u00f3n de la Comisi\u00f3n, no obstante dijeron que \u00abel macrismo trab\u00f3 la preferencia\u00bb para que el proyecto llegue al recinto.<\/p>\n<p>Al respecto, el diputado Mart\u00edn Hourest inst\u00f3 al oficialismo a acompa\u00f1ar, en esta oportunidad, la iniciativa y sostuvo que \u00abcon el voto de la mayor\u00eda se podr\u00e1 iniciar un proceso de investigaci\u00f3n para ganar condiciones de verdad para los porte\u00f1os\u00bb.<\/p>\n<p>Durante la rueda de prensa, en la que tambi\u00e9n estuvieron Sergio Abrevaya y Eduardo Epszteyn, remarcaron la \u00abgravedad\u00bb en la que se encuentra el caso que investiga la Justicia Federal de las escuchas telef\u00f3nicas que realiz\u00f3 James, un contratado desde el 2008 por el Gobierno porte\u00f1o.<\/p>\n<p>\u00abEl nuevo dato muestra el esc\u00e1ndalo\u00bb, sostuvo Ibarra en relaci\u00f3n a la declaraci\u00f3n que hizo ayer ante el juez Norberto Oyarbide el cu\u00f1ado de Macri, N\u00e9stor Leonardo, en la cual afirm\u00f3 que la familia del jefe comunal orden\u00f3 \u00abpinchaduras\u00bb a su tel\u00e9fono en los primeros meses del 2008.<\/p>\n<p>Seg\u00fan denunciaron los legisladores, James \u00abaparece promoviendo las escuchas\u00bb a Leonardo \u00abmuy poco antes de su ingreso como contratado al Ministerio de Educaci\u00f3n, lo que hace sospechar que esa entrada fue un premio por las pinchaduras al cu\u00f1ado de Macri\u00bb.<\/p>\n<p>Hace dos semanas, el titular del bloque de la bancada Identidad Porte\u00f1a, Diego Kravetz, present\u00f3 el proyecto para la creaci\u00f3n de la Comisi\u00f3n Investigadora por el caso de las escuchas para esclarecer \u00abel bochorno en el que est\u00e1 sumergida nuestra Ciudad\u00bb.<\/p><\/div>\n<p><\/span><\/p>\n","protected":false},"excerpt":{"rendered":"<p>Legisladores de diferentes bloques reimpulsaron el proyecto de creaci\u00f3n de una Comisi\u00f3n Investigadora en la Legislatura por las escuchas efectuadas por Ciro James y calificaron como \u00abun esc\u00e1ndalo\u00bb a los nuevos datos del caso que demostraron \u00abpinchaduras\u00bb telef\u00f3nicas al cu\u00f1ado de Mauricio Macri. \u00abRatificamos la necesidad de creaci\u00f3n de la Comisi\u00f3n para profundizar la investigaci\u00f3n&hellip;<\/p>\n","protected":false},"author":1,"featured_media":0,"comment_status":"open","ping_status":"open","sticky":false,"template":"","format":"standard","meta":{"footnotes":""},"categories":[13],"tags":[592,593,875,588,76],"class_list":["post-1568","post","type-post","status-publish","format-standard","hentry","category-politica","tag-ciro-james","tag-escuchas","tag-investigadora","tag-legisladores","tag-mauricio-macri"],"_links":{"self":[{"href":"https:\/\/www.elsindical.com.ar\/notas\/wp-json\/wp\/v2\/posts\/1568","targetHints":{"allow":["GET"]}}],"collection":[{"href":"https:\/\/www.elsindical.com.ar\/notas\/wp-json\/wp\/v2\/posts"}],"about":[{"href":"https:\/\/www.elsindical.com.ar\/notas\/wp-json\/wp\/v2\/types\/post"}],"author":[{"embeddable":true,"href":"https:\/\/www.elsindical.com.ar\/notas\/wp-json\/wp\/v2\/users\/1"}],"replies":[{"embeddable":true,"href":"https:\/\/www.elsindical.com.ar\/notas\/wp-json\/wp\/v2\/comments?post=1568"}],"version-history":[{"count":1,"href":"https:\/\/www.elsindical.com.ar\/notas\/wp-json\/wp\/v2\/posts\/1568\/revisions"}],"predecessor-version":[{"id":1570,"href":"https:\/\/www.elsindical.com.ar\/notas\/wp-json\/wp\/v2\/posts\/1568\/revisions\/1570"}],"wp:attachment":[{"href":"https:\/\/www.elsindical.com.ar\/notas\/wp-json\/wp\/v2\/media?parent=1568"}],"wp:term":[{"taxonomy":"category","embeddable":true,"href":"https:\/\/www.elsindical.com.ar\/notas\/wp-json\/wp\/v2\/categories?post=1568"},{"taxonomy":"post_tag","embeddable":true,"href":"https:\/\/www.elsindical.com.ar\/notas\/wp-json\/wp\/v2\/tags?post=1568"}],"curies":[{"name":"wp","href":"https:\/\/api.w.org\/{rel}","templated":true}]}}