{"id":15634,"date":"2011-07-30T19:34:38","date_gmt":"2011-07-30T22:34:38","guid":{"rendered":"http:\/\/www.elsindical.com.ar\/notas\/?p=15634"},"modified":"2011-07-30T19:34:38","modified_gmt":"2011-07-30T22:34:38","slug":"juan-cabandie-fue-denunciado-por-violar-la-veda","status":"publish","type":"post","link":"https:\/\/www.elsindical.com.ar\/notas\/juan-cabandie-fue-denunciado-por-violar-la-veda\/","title":{"rendered":"Juan Cabandi\u00e9 fue denunciado por violar la veda"},"content":{"rendered":"<p style=\"text-align: justify;\"><em><a href=\"http:\/\/www.elsindical.com.ar\/notas\/var\/www\/html\/notas\/wp-content\/uploads\/2011\/07\/Juan-Cabandi\u00e9-discurso-.jpg\"><img loading=\"lazy\" decoding=\"async\" class=\"alignleft size-medium wp-image-15635\" title=\"Juan-Cabandi\u00e9-discurso-\" src=\"http:\/\/www.elsindical.com.ar\/notas\/var\/www\/html\/notas\/wp-content\/uploads\/2011\/07\/Juan-Cabandi\u00e9-discurso--300x103.jpg\" alt=\"\" width=\"300\" height=\"103\" srcset=\"https:\/\/www.elsindical.com.ar\/notas\/var\/www\/html\/notas\/wp-content\/uploads\/2011\/07\/Juan-Cabandi\u00e9-discurso--300x103.jpg 300w, https:\/\/www.elsindical.com.ar\/notas\/var\/www\/html\/notas\/wp-content\/uploads\/2011\/07\/Juan-Cabandi\u00e9-discurso-.jpg 413w\" sizes=\"auto, (max-width: 300px) 100vw, 300px\" \/><\/a>El reelecto legislador del <strong>Frente para la Victoria<\/strong> realiz\u00f3 anoche un <strong>acto proselitista<\/strong> en una unidad b\u00e1sica. Por el hecho, la fiscal\u00eda porte\u00f1a <strong>le labr\u00f3 un acta por incumplimiento del C\u00f3digo Electoral<\/strong> de la Capital Federal.<\/em><\/p>\n<p style=\"text-align: justify;\">El primer diputado electo por el <strong>Frente para la Victoria<\/strong> en las \u00faltimas elecciones porte\u00f1as, <strong>Juan Cabandi\u00e9<\/strong>, fue ayer denunciado por la <strong>fiscal\u00eda sudeste de la Ciudad de Buenos Aires<\/strong> por <strong>incumplir con la veda<\/strong> que proh\u00edbe, entre otras cosas,\u00a0realizar actos pol\u00edticos 48 horas antes de los comicios.<\/p>\n<p style=\"text-align: justify;\">Seg\u00fan el acta que se le labr\u00f3, el acto que <strong>el dirigente de La C\u00e1mpora realizaba en una unidad b\u00e1sica del Partido Justicialista en el barrio de Parque Patricios<\/strong> violaba los art\u00edculos 65; 71 incisos F y H y 128 bis del <strong>C\u00f3digo Electoral de la Ciudad de Buenos Aires<\/strong>. Por el hecho, en el que intervino la comisar\u00eda 28\u00aa, se\u00a0confeccion\u00f3 adem\u00e1s una denuncia por \u00ab<strong>ocupaci\u00f3n del espacio p\u00fablico<\/strong>\u00ab.<\/p>\n<p style=\"text-align: justify;\">En las pasadas elecciones del 10 de julio, <strong>Cabandi\u00e9 fue reelecto como legislador por una de las tres listas de adhesi\u00f3n<\/strong> que llevaron como candidato a jefe de Gobierno porte\u00f1o al kirchnerista Daniel Filmus.<\/p>\n","protected":false},"excerpt":{"rendered":"<p>El reelecto legislador del Frente para la Victoria realiz\u00f3 anoche un acto proselitista en una unidad b\u00e1sica. Por el hecho, la fiscal\u00eda porte\u00f1a le labr\u00f3 un acta por incumplimiento del C\u00f3digo Electoral de la Capital Federal. El primer diputado electo por el Frente para la Victoria en las \u00faltimas elecciones porte\u00f1as, Juan Cabandi\u00e9, fue ayer&hellip;<\/p>\n","protected":false},"author":1,"featured_media":0,"comment_status":"open","ping_status":"open","sticky":false,"template":"","format":"standard","meta":{"footnotes":""},"categories":[6],"tags":[678,175,7644,788,7645,6983,679,824,1752,7643,7642],"class_list":["post-15634","post","type-post","status-publish","format-standard","hentry","category-denuncias","tag-acto","tag-denuncia","tag-filmus","tag-fiscalia","tag-frente-para-la-victoria","tag-juan-cabandie","tag-kirchnerismo","tag-legislador","tag-parque-patricios","tag-unidad-basica","tag-veda-electoral"],"_links":{"self":[{"href":"https:\/\/www.elsindical.com.ar\/notas\/wp-json\/wp\/v2\/posts\/15634","targetHints":{"allow":["GET"]}}],"collection":[{"href":"https:\/\/www.elsindical.com.ar\/notas\/wp-json\/wp\/v2\/posts"}],"about":[{"href":"https:\/\/www.elsindical.com.ar\/notas\/wp-json\/wp\/v2\/types\/post"}],"author":[{"embeddable":true,"href":"https:\/\/www.elsindical.com.ar\/notas\/wp-json\/wp\/v2\/users\/1"}],"replies":[{"embeddable":true,"href":"https:\/\/www.elsindical.com.ar\/notas\/wp-json\/wp\/v2\/comments?post=15634"}],"version-history":[{"count":1,"href":"https:\/\/www.elsindical.com.ar\/notas\/wp-json\/wp\/v2\/posts\/15634\/revisions"}],"predecessor-version":[{"id":15636,"href":"https:\/\/www.elsindical.com.ar\/notas\/wp-json\/wp\/v2\/posts\/15634\/revisions\/15636"}],"wp:attachment":[{"href":"https:\/\/www.elsindical.com.ar\/notas\/wp-json\/wp\/v2\/media?parent=15634"}],"wp:term":[{"taxonomy":"category","embeddable":true,"href":"https:\/\/www.elsindical.com.ar\/notas\/wp-json\/wp\/v2\/categories?post=15634"},{"taxonomy":"post_tag","embeddable":true,"href":"https:\/\/www.elsindical.com.ar\/notas\/wp-json\/wp\/v2\/tags?post=15634"}],"curies":[{"name":"wp","href":"https:\/\/api.w.org\/{rel}","templated":true}]}}