{"id":15625,"date":"2011-07-30T00:17:57","date_gmt":"2011-07-30T03:17:57","guid":{"rendered":"http:\/\/www.elsindical.com.ar\/notas\/?p=15625"},"modified":"2011-07-30T00:18:55","modified_gmt":"2011-07-30T03:18:55","slug":"efemeridesdel-dia-30-de-julio-2","status":"publish","type":"post","link":"https:\/\/www.elsindical.com.ar\/notas\/efemeridesdel-dia-30-de-julio-2\/","title":{"rendered":"EFEM\u00c9RIDES:DEL D\u00cdA 30 DE JULIO"},"content":{"rendered":"<p style=\"text-align: justify;\"><a href=\"http:\/\/www.elsindical.com.ar\/notas\/var\/www\/html\/notas\/wp-content\/uploads\/2011\/07\/La-Sorbona.jpg\"><img loading=\"lazy\" decoding=\"async\" class=\"alignleft size-medium wp-image-15626\" title=\"La-Sorbona\" src=\"http:\/\/www.elsindical.com.ar\/notas\/var\/www\/html\/notas\/wp-content\/uploads\/2011\/07\/La-Sorbona-300x225.jpg\" alt=\"\" width=\"300\" height=\"225\" srcset=\"https:\/\/www.elsindical.com.ar\/notas\/var\/www\/html\/notas\/wp-content\/uploads\/2011\/07\/La-Sorbona-300x225.jpg 300w, https:\/\/www.elsindical.com.ar\/notas\/var\/www\/html\/notas\/wp-content\/uploads\/2011\/07\/La-Sorbona.jpg 413w\" sizes=\"auto, (max-width: 300px) 100vw, 300px\" \/><\/a>En un 30 de julio, pero de 2002, los presidentes de la Rep\u00fablica Democr\u00e1tica del Congo, Joseph Kabila, y de Ruanda, Paul Kagame, firman en Pretoria un acuerdo de paz que pone fin a cuatro a\u00f1os de guerra, con un balance de dos millones y medio de muertos.<\/p>\n<p style=\"text-align: justify;\">1626- Comienzan las obras de construcci\u00f3n de los edificios de la Universidad de la Sorbona, en Par\u00eds.<\/p>\n<p style=\"text-align: justify;\">1762- Tropas inglesas ocupan la fortaleza del Morro, en La Habana, pese a la heroica resistencia que ofrecieron los espa\u00f1oles.<\/p>\n<p style=\"text-align: justify;\">1771- Muere Thomas Gray, poeta ingl\u00e9s.<\/p>\n<p style=\"text-align: justify;\">1808- Jos\u00e9 Bonaparte abandona Madrid precipitadamente al conocer la noticia de la victoria espa\u00f1ola sobre las tropas francesas en la batalla de Bail\u00e9n.<\/p>\n<p style=\"text-align: justify;\">1811- El l\u00edder independentista mexicano Miguel Hidalgo es fusilado en Chihuahua, junto con otros compa\u00f1eros, por los espa\u00f1oles. Le sucede Jos\u00e9 Mar\u00eda Morelos.<\/p>\n<p style=\"text-align: justify;\">1835- Vicente Rocafuerte ocupa la Presidencia de Ecuador.<\/p>\n<p style=\"text-align: justify;\">1863- Nace Henry Ford, fabricante de autom\u00f3viles estadounidense.<\/p>\n<p style=\"text-align: justify;\">1881- Firma en Pretoria de un convenio por el que Gran Breta\u00f1a otorga a los boers una Rep\u00fablica bajo protectorado brit\u00e1nico en asuntos exteriores.<\/p>\n<p style=\"text-align: justify;\">1887- Concluyen los trabajos de cimentaci\u00f3n de la parisina torre Eiffel.<\/p>\n<p style=\"text-align: justify;\">1898- Nace Henry Moore, escultor brit\u00e1nico.<\/p>\n<p style=\"text-align: justify;\">&#8211; Fallece Otto von Bismarck, estadista alem\u00e1n.<\/p>\n<p style=\"text-align: justify;\">1905- El general Lapunov, jefe de las fuerzas rusas en la Isla de Sajal\u00edn, se rinde a los japoneses.<\/p>\n<p style=\"text-align: justify;\">1907- Rusia y Jap\u00f3n firman un tratado sobre China, que garantiza la integridad territorial y la libertad de comercio.<\/p>\n<p style=\"text-align: justify;\">&#8211; Colocaci\u00f3n de la primera piedra del Palacio de la Paz, en La Haya, costeado por el millonario estadounidense Andrew Carnegie.<\/p>\n<p style=\"text-align: justify;\">1912- Muere Mutsuhito Meiji Tenno, emperador de Jap\u00f3n.<\/p>\n<p style=\"text-align: justify;\">1915- I Guerra Mundial: Retirada rusa de la regi\u00f3n polaca de Galitzia.<\/p>\n<p style=\"text-align: justify;\">1918- I Guerra Mundial: Finaliza la larga batalla del Marne, con victoria aliada.<\/p>\n<p style=\"text-align: justify;\">1920- Tropas chilenas invaden el sur de Per\u00fa en el conflicto entre ambos pa\u00edses por la posesi\u00f3n de Tacna y Arica.<\/p>\n<p style=\"text-align: justify;\">1921- El suizo Durafour aterriza en el Mont Blanc con un avi\u00f3n sin patines.<\/p>\n<p style=\"text-align: justify;\">1930- El Gobierno franc\u00e9s concede la medalla de la Legi\u00f3n de Honor a la bailarina espa\u00f1ola Antonia Merc\u00e9, \u00abLa Argentina\u00bb.<\/p>\n<p style=\"text-align: justify;\">1931- Nace Dominique Lapierre, escritor y periodista franc\u00e9s.<\/p>\n<p style=\"text-align: justify;\">1939- Crisis germano-polaca por el corredor de Dantzig. Aumenta el peligro de guerra.<\/p>\n<p style=\"text-align: justify;\">&#8211; Nace Peter Bogdanovich, cineasta estadounidense.<\/p>\n<p style=\"text-align: justify;\">1941- Nace Paul Anka, cantante canadiense.<\/p>\n<p style=\"text-align: justify;\">1943- Des\u00f3rdenes en Mil\u00e1n por la liberaci\u00f3n de presos pol\u00edticos.<\/p>\n<p style=\"text-align: justify;\">1947- Ataque militar peruano en la localidad ecuatoriana de El Progreso.<\/p>\n<p style=\"text-align: justify;\">&#8211; Nace Arnold Schwarzenegger, actor estadounidense.<\/p>\n<p style=\"text-align: justify;\">&#8211; Nace Hubert Vedrine, ex ministro franc\u00e9s de Asuntos Exteriores.<\/p>\n<p style=\"text-align: justify;\">1965- Estado de sitio en Honduras tras las manifestaciones desarrolladas ante el palacio presidencial.<\/p>\n<p style=\"text-align: justify;\">1967- Un terremoto azota la costa venezolana: 80 muertos en Caracas.<\/p>\n<p style=\"text-align: justify;\">1968- Violenta erupci\u00f3n del volc\u00e1n Arenal en Costa Rica: 70 muertos y 90 desaparecidos.<\/p>\n<p style=\"text-align: justify;\">1976- Acuerdo de alto el fuego entre Honduras y El Salvador.<\/p>\n<p style=\"text-align: justify;\">1978- Fallece Umberto Nobile, general y aeronauta italiano.<\/p>\n<p style=\"text-align: justify;\">1982- Ricardo de la Espriella sustituye a Ar\u00edstides Royo en la Presidencia de Panam\u00e1.<\/p>\n<p style=\"text-align: justify;\">1987- Se estrella un avi\u00f3n a las afueras de M\u00e9xico: 58 muertos y m\u00e1s de 60 heridos.<\/p>\n<p style=\"text-align: justify;\">1989- Los chilenos aprueban por gran mayor\u00eda (m\u00e1s del 85% de los votantes) el plebiscito sobre reformas constitucionales.<\/p>\n<p style=\"text-align: justify;\">1990- La URSS y Albania restablecen sus relaciones diplom\u00e1ticas, interrumpidas en 1961.<\/p>\n<p style=\"text-align: justify;\">1996- Muere Claudette Colbert, actriz estadounidense.<\/p>\n<p style=\"text-align: justify;\">1999- Dirigentes de treinta naciones aprueban en la capital bosnia la Declaraci\u00f3n de Sarajevo, iniciativa de la UE para crear las condiciones pol\u00edtico-econ\u00f3micas necesarias para evitar conflictos.<\/p>\n<p style=\"text-align: justify;\">2000- Hugo Ch\u00e1vez, reelegido presidente de Venezuela (59,05% votos), frente al opositor Francisco Arias (38,04%).<\/p>\n<p style=\"text-align: justify;\">2001- La Corte Suprema de Chile aprueba interrogar al ex secretario de Estado de EEUU Henry Kissinger sobre la muerte del periodista estadounidense Charles Horman en Chile en 1973.<\/p>\n<p style=\"text-align: justify;\">2002- El Gobierno de Uruguay decreta el cierre de los bancos durante 24 horas en un intento de evitar la fuga masiva de capitales.<\/p>\n<p style=\"text-align: justify;\">2003- Ibrahim Al-Yafari, musulm\u00e1n chi\u00ed, jefe del Partido Dawa, es elegido presidente del Consejo de Gobierno iraqu\u00ed.<\/p>\n<p style=\"text-align: justify;\">2003- El \u00faltimo Volkswagen \u00abescarabajo\u00bb sale de la l\u00ednea de montaje de VW en Puebla, M\u00e9xico. Es el ejemplar n\u00famero 21.529.464, que cierra la producci\u00f3n del m\u00edtico autom\u00f3vil.<\/p>\n<p style=\"text-align: justify;\">&#8211; Fallece Carlos Lemos Simmonds, escritor y pol\u00edtico colombiano.<\/p>\n<p style=\"text-align: justify;\">&#8211; Muere Sam Phillips, productor musical estadounidense, descubridor de Elvis Presley.<\/p>\n<p style=\"text-align: justify;\">2006- La aviaci\u00f3n israel\u00ed bombardea un edificio en la ciudad libanesa de Qana, al sur del L\u00edbano, y acaba con la vida de alrededor de 60 personas, 37 de ellos ni\u00f1os.<\/p>\n<p style=\"text-align: justify;\">2007- M\u00e9xico y Argentina firman un Acuerdo de Asociaci\u00f3n Estrat\u00e9gica (AAE) que aumenta la cooperaci\u00f3n bilateral en \u00e1reas comerciales, pol\u00edticas y sociales.<\/p>\n<p style=\"text-align: justify;\">&#8211; Fallece Ingmar Bergman, guionista y director sueco.<\/p>\n<p style=\"text-align: justify;\">&#8211; Muere Michelangelo Antonioni, director de cine italiano.<\/p>\n<p style=\"text-align: justify;\">&#8211; Fallece Teoctist, patriarca de la Iglesia Ortodoxa Rumana.<\/p>\n<p style=\"text-align: justify;\">2008- Fallece Alejandro Aura, poeta mexicano.<\/p>\n","protected":false},"excerpt":{"rendered":"<p>En un 30 de julio, pero de 2002, los presidentes de la Rep\u00fablica Democr\u00e1tica del Congo, Joseph Kabila, y de Ruanda, Paul Kagame, firman en Pretoria un acuerdo de paz que pone fin a cuatro a\u00f1os de guerra, con un balance de dos millones y medio de muertos. 1626- Comienzan las obras de construcci\u00f3n de&hellip;<\/p>\n","protected":false},"author":1,"featured_media":0,"comment_status":"open","ping_status":"open","sticky":false,"template":"","format":"standard","meta":{"footnotes":""},"categories":[14],"tags":[],"class_list":["post-15625","post","type-post","status-publish","format-standard","hentry","category-efemerides"],"_links":{"self":[{"href":"https:\/\/www.elsindical.com.ar\/notas\/wp-json\/wp\/v2\/posts\/15625","targetHints":{"allow":["GET"]}}],"collection":[{"href":"https:\/\/www.elsindical.com.ar\/notas\/wp-json\/wp\/v2\/posts"}],"about":[{"href":"https:\/\/www.elsindical.com.ar\/notas\/wp-json\/wp\/v2\/types\/post"}],"author":[{"embeddable":true,"href":"https:\/\/www.elsindical.com.ar\/notas\/wp-json\/wp\/v2\/users\/1"}],"replies":[{"embeddable":true,"href":"https:\/\/www.elsindical.com.ar\/notas\/wp-json\/wp\/v2\/comments?post=15625"}],"version-history":[{"count":3,"href":"https:\/\/www.elsindical.com.ar\/notas\/wp-json\/wp\/v2\/posts\/15625\/revisions"}],"predecessor-version":[{"id":15629,"href":"https:\/\/www.elsindical.com.ar\/notas\/wp-json\/wp\/v2\/posts\/15625\/revisions\/15629"}],"wp:attachment":[{"href":"https:\/\/www.elsindical.com.ar\/notas\/wp-json\/wp\/v2\/media?parent=15625"}],"wp:term":[{"taxonomy":"category","embeddable":true,"href":"https:\/\/www.elsindical.com.ar\/notas\/wp-json\/wp\/v2\/categories?post=15625"},{"taxonomy":"post_tag","embeddable":true,"href":"https:\/\/www.elsindical.com.ar\/notas\/wp-json\/wp\/v2\/tags?post=15625"}],"curies":[{"name":"wp","href":"https:\/\/api.w.org\/{rel}","templated":true}]}}