{"id":15534,"date":"2011-07-26T00:22:02","date_gmt":"2011-07-26T03:22:02","guid":{"rendered":"http:\/\/www.elsindical.com.ar\/notas\/?p=15534"},"modified":"2011-07-26T00:22:02","modified_gmt":"2011-07-26T03:22:02","slug":"paro-en-todos-los-hospitales-portenos","status":"publish","type":"post","link":"https:\/\/www.elsindical.com.ar\/notas\/paro-en-todos-los-hospitales-portenos\/","title":{"rendered":"Paro en todos los hospitales porte\u00f1os"},"content":{"rendered":"<p style=\"text-align: justify;\"><em><a href=\"http:\/\/www.elsindical.com.ar\/notas\/var\/www\/html\/notas\/wp-content\/uploads\/2010\/06\/ATE.jpg\"><img loading=\"lazy\" decoding=\"async\" class=\"alignleft size-full wp-image-7173\" title=\"ATE\" src=\"http:\/\/www.elsindical.com.ar\/notas\/var\/www\/html\/notas\/wp-content\/uploads\/2010\/06\/ATE.jpg\" alt=\"\" width=\"266\" height=\"177\" \/><\/a>La Asociaci\u00f3n de Trabajadores del Estado (ATE) realizar\u00e1 un paro en todos los hopitales p\u00fablicos porte\u00f1os el pr\u00f3ximo mi\u00e9rcoles a partir de las 11:00 hs.\u00a0en reclamo de mejoras salariales, inform\u00f3 un comunicado del sindicato.<\/em><\/p>\n<p style=\"text-align: justify;\">La medida de fuerza incluir\u00e1 una concentraci\u00f3n, acto y acampe frente al Hospital de Ni\u00f1os Ricardo Guti\u00e9rrez, ubicado en la calle S\u00e1nchez de Bustamante 1330.<\/p>\n<p style=\"text-align: justify;\">Los sindicalistas informar\u00e1n sobre los motivos de la protesta este martes a las 08:00 hs.\u00a0en la sede porte\u00f1a de ATE, Carlos Calvo 1378.<\/p>\n<p style=\"text-align: justify;\">Entre otros reclamos exigen la reapertura de las paritarias y aumento salarial, 82% m\u00f3vil para los jubilados, mejoras edilicias, reposici\u00f3n de insumos y nombramiento de personal para todos los hospitales p\u00fablicos de la ciudad.<\/p>\n","protected":false},"excerpt":{"rendered":"<p>La Asociaci\u00f3n de Trabajadores del Estado (ATE) realizar\u00e1 un paro en todos los hopitales p\u00fablicos porte\u00f1os el pr\u00f3ximo mi\u00e9rcoles a partir de las 11:00 hs.\u00a0en reclamo de mejoras salariales, inform\u00f3 un comunicado del sindicato. La medida de fuerza incluir\u00e1 una concentraci\u00f3n, acto y acampe frente al Hospital de Ni\u00f1os Ricardo Guti\u00e9rrez, ubicado en la calle&hellip;<\/p>\n","protected":false},"author":1,"featured_media":0,"comment_status":"open","ping_status":"open","sticky":false,"template":"","format":"standard","meta":{"footnotes":""},"categories":[16],"tags":[290,2848,3025,67,1255],"class_list":["post-15534","post","type-post","status-publish","format-standard","hentry","category-gremiales","tag-ate","tag-hospital-de-ninos-ricardo-gutierrez","tag-medidas-de-fuerza","tag-paro","tag-sindicato"],"_links":{"self":[{"href":"https:\/\/www.elsindical.com.ar\/notas\/wp-json\/wp\/v2\/posts\/15534","targetHints":{"allow":["GET"]}}],"collection":[{"href":"https:\/\/www.elsindical.com.ar\/notas\/wp-json\/wp\/v2\/posts"}],"about":[{"href":"https:\/\/www.elsindical.com.ar\/notas\/wp-json\/wp\/v2\/types\/post"}],"author":[{"embeddable":true,"href":"https:\/\/www.elsindical.com.ar\/notas\/wp-json\/wp\/v2\/users\/1"}],"replies":[{"embeddable":true,"href":"https:\/\/www.elsindical.com.ar\/notas\/wp-json\/wp\/v2\/comments?post=15534"}],"version-history":[{"count":1,"href":"https:\/\/www.elsindical.com.ar\/notas\/wp-json\/wp\/v2\/posts\/15534\/revisions"}],"predecessor-version":[{"id":15535,"href":"https:\/\/www.elsindical.com.ar\/notas\/wp-json\/wp\/v2\/posts\/15534\/revisions\/15535"}],"wp:attachment":[{"href":"https:\/\/www.elsindical.com.ar\/notas\/wp-json\/wp\/v2\/media?parent=15534"}],"wp:term":[{"taxonomy":"category","embeddable":true,"href":"https:\/\/www.elsindical.com.ar\/notas\/wp-json\/wp\/v2\/categories?post=15534"},{"taxonomy":"post_tag","embeddable":true,"href":"https:\/\/www.elsindical.com.ar\/notas\/wp-json\/wp\/v2\/tags?post=15534"}],"curies":[{"name":"wp","href":"https:\/\/api.w.org\/{rel}","templated":true}]}}