{"id":15522,"date":"2011-07-25T14:28:57","date_gmt":"2011-07-25T17:28:57","guid":{"rendered":"http:\/\/www.elsindical.com.ar\/notas\/?p=15522"},"modified":"2011-07-25T14:30:23","modified_gmt":"2011-07-25T17:30:23","slug":"parque-chacabucoatentado-a-una-mutual-de-la-policia-federal","status":"publish","type":"post","link":"https:\/\/www.elsindical.com.ar\/notas\/parque-chacabucoatentado-a-una-mutual-de-la-policia-federal\/","title":{"rendered":"Parque Chacabuco:Atentado a una mutual de la Polic\u00eda Federal"},"content":{"rendered":"<p style=\"text-align: justify;\"><em><a href=\"http:\/\/www.elsindical.com.ar\/notas\/var\/www\/html\/notas\/wp-content\/uploads\/2011\/07\/ingreso-mutual-PFA-atentado.jpg\"><img loading=\"lazy\" decoding=\"async\" class=\"alignleft size-medium wp-image-15523\" title=\"ingreso-mutual-PFA-atentado\" src=\"http:\/\/www.elsindical.com.ar\/notas\/var\/www\/html\/notas\/wp-content\/uploads\/2011\/07\/ingreso-mutual-PFA-atentado-300x193.jpg\" alt=\"\" width=\"300\" height=\"193\" srcset=\"https:\/\/www.elsindical.com.ar\/notas\/var\/www\/html\/notas\/wp-content\/uploads\/2011\/07\/ingreso-mutual-PFA-atentado-300x193.jpg 300w, https:\/\/www.elsindical.com.ar\/notas\/var\/www\/html\/notas\/wp-content\/uploads\/2011\/07\/ingreso-mutual-PFA-atentado.jpg 413w\" sizes=\"auto, (max-width: 300px) 100vw, 300px\" \/><\/a>El\u00a0artefacto estall\u00f3\u00a0a las 02:30 hs.\u00a0en el\u00a0edificio perteneciente a la fuerza de seguridad ubicado en\u00a0Parque Chacabuco. La\u00a0detonaci\u00f3n rompi\u00f3 parte de una reja y los vidrios de una puerta, pero no hubo heridos. Gendarmer\u00eda Nacional investiga el atentado.<\/em><\/p>\n<p style=\"text-align: justify;\">Un artefacto explosivo estall\u00f3 esta madrugada en una sede\u00a0de la mutual de suboficiales retirados de la Polic\u00eda Federal ubicada en el barrio porte\u00f1o de Parque Chacabuco.\u00a0El frente del edificio\u00a0sufri\u00f3 graves da\u00f1os, pero\u00a0no hubo\u00a0ninguna v\u00edctima.<\/p>\n<p>La explosi\u00f3n se registr\u00f3 a las 02:30 hs.\u00a0en la sede de consultorios externos de la mutual, ubicado en Avelino D\u00edaz 842, entre Jos\u00e9 Mar\u00eda Moreno y Beauchef.<\/p>\n<p>Seg\u00fan\u00a0fuentes policiales, el artefacto explosivo rompi\u00f3 parte de una reja y los vidrios de una puerta, pero no hubo heridos.<\/p>\n<p>Efectivos de la Gendarmer\u00eda Nacional trabajaban esta ma\u00f1ana para encontrar datos que pudieran aportar a la investigaci\u00f3n, para la detenci\u00f3n de los autores del atentado que tuvo lugar en jurisdicci\u00f3n de la comisar\u00eda 34, de Parque Chacabuco.<\/p>\n","protected":false},"excerpt":{"rendered":"<p>El\u00a0artefacto estall\u00f3\u00a0a las 02:30 hs.\u00a0en el\u00a0edificio perteneciente a la fuerza de seguridad ubicado en\u00a0Parque Chacabuco. La\u00a0detonaci\u00f3n rompi\u00f3 parte de una reja y los vidrios de una puerta, pero no hubo heridos. Gendarmer\u00eda Nacional investiga el atentado. Un artefacto explosivo estall\u00f3 esta madrugada en una sede\u00a0de la mutual de suboficiales retirados de la Polic\u00eda Federal ubicada&hellip;<\/p>\n","protected":false},"author":1,"featured_media":0,"comment_status":"open","ping_status":"open","sticky":false,"template":"","format":"standard","meta":{"footnotes":""},"categories":[22],"tags":[957,7591,3507,4565,1429,7590,687,30],"class_list":["post-15522","post","type-post","status-publish","format-standard","hentry","category-policiales","tag-atentado","tag-cria-34","tag-danos","tag-explosivo","tag-gendarmeria-nacional","tag-mutual-suboficiles-policia-federal-argentina","tag-parque-chacabuco","tag-policia"],"_links":{"self":[{"href":"https:\/\/www.elsindical.com.ar\/notas\/wp-json\/wp\/v2\/posts\/15522","targetHints":{"allow":["GET"]}}],"collection":[{"href":"https:\/\/www.elsindical.com.ar\/notas\/wp-json\/wp\/v2\/posts"}],"about":[{"href":"https:\/\/www.elsindical.com.ar\/notas\/wp-json\/wp\/v2\/types\/post"}],"author":[{"embeddable":true,"href":"https:\/\/www.elsindical.com.ar\/notas\/wp-json\/wp\/v2\/users\/1"}],"replies":[{"embeddable":true,"href":"https:\/\/www.elsindical.com.ar\/notas\/wp-json\/wp\/v2\/comments?post=15522"}],"version-history":[{"count":3,"href":"https:\/\/www.elsindical.com.ar\/notas\/wp-json\/wp\/v2\/posts\/15522\/revisions"}],"predecessor-version":[{"id":15526,"href":"https:\/\/www.elsindical.com.ar\/notas\/wp-json\/wp\/v2\/posts\/15522\/revisions\/15526"}],"wp:attachment":[{"href":"https:\/\/www.elsindical.com.ar\/notas\/wp-json\/wp\/v2\/media?parent=15522"}],"wp:term":[{"taxonomy":"category","embeddable":true,"href":"https:\/\/www.elsindical.com.ar\/notas\/wp-json\/wp\/v2\/categories?post=15522"},{"taxonomy":"post_tag","embeddable":true,"href":"https:\/\/www.elsindical.com.ar\/notas\/wp-json\/wp\/v2\/tags?post=15522"}],"curies":[{"name":"wp","href":"https:\/\/api.w.org\/{rel}","templated":true}]}}