{"id":15517,"date":"2011-07-25T12:59:21","date_gmt":"2011-07-25T15:59:21","guid":{"rendered":"http:\/\/www.elsindical.com.ar\/notas\/?p=15517"},"modified":"2011-07-25T12:59:21","modified_gmt":"2011-07-25T15:59:21","slug":"nuevo-aumento-en-combustibles","status":"publish","type":"post","link":"https:\/\/www.elsindical.com.ar\/notas\/nuevo-aumento-en-combustibles\/","title":{"rendered":"Nuevo aumento en combustibles"},"content":{"rendered":"<p style=\"text-align: justify;\"><em><a href=\"http:\/\/www.elsindical.com.ar\/notas\/var\/www\/html\/notas\/wp-content\/uploads\/2011\/04\/estaci\u00f3n-YPF.jpg\"><img loading=\"lazy\" decoding=\"async\" class=\"alignleft size-medium wp-image-13839\" title=\"estaci\u00f3n-YPF\" src=\"http:\/\/www.elsindical.com.ar\/notas\/var\/www\/html\/notas\/wp-content\/uploads\/2011\/04\/estaci\u00f3n-YPF-300x206.jpg\" alt=\"\" width=\"300\" height=\"206\" srcset=\"https:\/\/www.elsindical.com.ar\/notas\/var\/www\/html\/notas\/wp-content\/uploads\/2011\/04\/estaci\u00f3n-YPF-300x206.jpg 300w, https:\/\/www.elsindical.com.ar\/notas\/var\/www\/html\/notas\/wp-content\/uploads\/2011\/04\/estaci\u00f3n-YPF.jpg 413w\" sizes=\"auto, (max-width: 300px) 100vw, 300px\" \/><\/a>La petrolera YPF subir\u00e1 a partir de hoy un<strong> 5%<\/strong>, en promedio, el\u00a0valor de todos sus combustibles para ajustarse a los n\u00fameros\u00a0de sus competidoras que, tras la liberaci\u00f3n de los precios, comenzaron a aplicar ajustes desde fines de abril. <strong>Se trata del segundo incremento de YPF en dos meses.<\/strong><\/em><\/p>\n<p style=\"text-align: justify;\">La nafta s\u00faper y el gasoil ser\u00e1n los productos que menos se ver\u00e1n afectados por la suba de precios, mientras que los combustibles de la l\u00ednea Premium de YPF sufrir\u00e1n los mayores incrementos, informaron voceros de la compa\u00f1\u00eda.<\/p>\n<p style=\"text-align: justify;\">La reacomodaci\u00f3n de los valores obedece \u2013seg\u00fan la empresa\u2013\u00a0\u201ca reducir la diferencia de precios con nuestros competidores, que ya hab\u00edan incrementado gradualmente sus valores\u201d.<\/p>\n<p style=\"text-align: justify;\">En algunos casos- detallaron desde la petrolera al diario <em>El Cronista-<\/em> <strong>la brecha de precios en el gasoil com\u00fan con el resto de las compa\u00f1\u00edas del sector alcanza el 19%, mientras que la diferencia de la nafta super asciende al 10%.<\/strong><\/p>\n<p style=\"text-align: justify;\">Adem\u00e1s, la empresa resalt\u00f3 \u00abel fuerte crecimiento en la demanda\u00bb de sus productos\u00a0lo\u00a0que la llev\u00f3 a\u00a0proveer, por estos d\u00edas,\u00a06 de cada 10 litros de combustibles que se venden en todo el pa\u00eds.<\/p>\n","protected":false},"excerpt":{"rendered":"<p>La petrolera YPF subir\u00e1 a partir de hoy un 5%, en promedio, el\u00a0valor de todos sus combustibles para ajustarse a los n\u00fameros\u00a0de sus competidoras que, tras la liberaci\u00f3n de los precios, comenzaron a aplicar ajustes desde fines de abril. Se trata del segundo incremento de YPF en dos meses. La nafta s\u00faper y el gasoil&hellip;<\/p>\n","protected":false},"author":1,"featured_media":0,"comment_status":"open","ping_status":"open","sticky":false,"template":"","format":"standard","meta":{"footnotes":""},"categories":[9],"tags":[7586,357,7585,1707,621],"class_list":["post-15517","post","type-post","status-publish","format-standard","hentry","category-economia","tag-abril","tag-aumento","tag-combustibles","tag-precios","tag-ypf"],"_links":{"self":[{"href":"https:\/\/www.elsindical.com.ar\/notas\/wp-json\/wp\/v2\/posts\/15517","targetHints":{"allow":["GET"]}}],"collection":[{"href":"https:\/\/www.elsindical.com.ar\/notas\/wp-json\/wp\/v2\/posts"}],"about":[{"href":"https:\/\/www.elsindical.com.ar\/notas\/wp-json\/wp\/v2\/types\/post"}],"author":[{"embeddable":true,"href":"https:\/\/www.elsindical.com.ar\/notas\/wp-json\/wp\/v2\/users\/1"}],"replies":[{"embeddable":true,"href":"https:\/\/www.elsindical.com.ar\/notas\/wp-json\/wp\/v2\/comments?post=15517"}],"version-history":[{"count":2,"href":"https:\/\/www.elsindical.com.ar\/notas\/wp-json\/wp\/v2\/posts\/15517\/revisions"}],"predecessor-version":[{"id":15519,"href":"https:\/\/www.elsindical.com.ar\/notas\/wp-json\/wp\/v2\/posts\/15517\/revisions\/15519"}],"wp:attachment":[{"href":"https:\/\/www.elsindical.com.ar\/notas\/wp-json\/wp\/v2\/media?parent=15517"}],"wp:term":[{"taxonomy":"category","embeddable":true,"href":"https:\/\/www.elsindical.com.ar\/notas\/wp-json\/wp\/v2\/categories?post=15517"},{"taxonomy":"post_tag","embeddable":true,"href":"https:\/\/www.elsindical.com.ar\/notas\/wp-json\/wp\/v2\/tags?post=15517"}],"curies":[{"name":"wp","href":"https:\/\/api.w.org\/{rel}","templated":true}]}}