{"id":1550,"date":"2009-11-06T11:36:25","date_gmt":"2009-11-06T14:36:25","guid":{"rendered":"http:\/\/www.elsindical.com.ar\/notas\/?p=1550"},"modified":"2009-11-06T11:36:25","modified_gmt":"2009-11-06T14:36:25","slug":"oyarbide-revelo-que-el-espia-ciro-james-escuchaba-hasta-a-directores-comerciales-de-coto","status":"publish","type":"post","link":"https:\/\/www.elsindical.com.ar\/notas\/oyarbide-revelo-que-el-espia-ciro-james-escuchaba-hasta-a-directores-comerciales-de-coto\/","title":{"rendered":"Oyarbide revel\u00f3 que el esp\u00eda Ciro James escuchaba hasta a directores comerciales de Coto"},"content":{"rendered":"<p style=\"text-align: justify;\"><em><img loading=\"lazy\" decoding=\"async\" class=\"alignleft size-full wp-image-1551\" title=\"Macri--y-James\" src=\"http:\/\/www.elsindical.com.ar\/notas\/var\/www\/html\/notas\/wp-content\/uploads\/2009\/11\/Macri-y-James.jpg\" alt=\"Macri--y-James\" width=\"227\" height=\"136\" \/>As\u00ed lo confirm\u00f3 el juez que investiga las escuchas. No descart\u00f3 que la maniobra il\u00edcita haya sido impulsada por competidores de la empresa. Aclar\u00f3 que el esp\u00eda, que era funcionario\u00a0del gobierno porte\u00f1o, \u00ab<strong>cumpl\u00eda una misi\u00f3n espec\u00edfica<\/strong>\u00bb y no actuaba \u00ab<strong>en soledad<\/strong>\u00ab.<\/em><\/p>\n<p style=\"text-align: justify;\">El juez federal Norberto Oyarbide revel\u00f3 esta ma\u00f1ana que el esp\u00eda Ciro James, que estaba contratada por el Ministerio de Educaci\u00f3n del gobierno de Mauricio Macri, realizaba escuchas il\u00edcitas a \u00ab<strong>personalidades<\/strong>\u00bb del pa\u00eds y hasta a <strong>directores comerciales de Coto<\/strong>, la empresa de supermercados de capital nacional.\u00a0<br \/>\n\u00a0<br \/>\nDestac\u00f3 en una entrevista con el programa <em>El Oro y el Moro<\/em>, de<strong> Radio 10<\/strong>, que el esp\u00eda hab\u00eda realizado intervenciones al familiar de v\u00edctimas de la AMIA, Sergio Burstein, al empresario de medios <strong>Carlos \u00c1vila<\/strong>,\u00a0a <strong>N\u00e9stor Leonardo<\/strong>, cu\u00f1ado de Mauricio Macri, al abogado\u00a0<strong>Mariano Castex<\/strong>, y a los <strong>\u00abdirectores comerciales de Coto\u00bb<\/strong>, entre otros.<\/p>\n<p>En el caso de la motivaci\u00f3n que podr\u00edan haber tenido los que organizaron la escucha de los ejecutivos de la cadena de\u00a0supermercados, la especulaci\u00f3n que hizo el juez federal fue que <strong>\u00abalgunos comerciantes importantes, que ocupan el mismo espacio econ\u00f3mico que el se\u00f1or Alfredo\u00a0Coto,\u00a0 podr\u00edan tener inter\u00e9s en saber de qu\u00e9 manera cotizaban sus productos\u00bb.<\/strong><\/p>\n<p>Norberto Oyarbide revel\u00f3 que en todos los casos se realiz\u00f3 la misma operatoria, mediante la actuaci\u00f3n de los jueces de Misiones Horacio Gallardo y Jos\u00e9 Luis Rey, quienes ordenaban escuchar las comunicaciones de personas que supuestamente estar\u00edan involucradas en il\u00edcitos, pero que en la pr\u00e1ctica s\u00f3lo ten\u00edan como objetivo la intervenci\u00f3n de la vida privada.<br \/>\n\u00a0<br \/>\nOyarbide manifest\u00f3 que \u00aben la pr\u00f3ximas horas van a haber m\u00e1s personas\u00bb\u00a0que\u00a0conocer\u00e1n eran escuchadas \u00abporque as\u00ed lo anticip\u00f3 la SIDE, que est\u00e1 trabajando muy cuidadosamente para correr el tel\u00f3n y saber qu\u00e9 hay detr\u00e1s\u00bb.<br \/>\n\u00a0<br \/>\n<strong>\u00abTodo esto huele a una coincidencia intelectual entre algunas personas<\/strong>\u00ab, aclar\u00f3 el juez federal, y advirti\u00f3 que <strong>\u00abel se\u00f1or Ciro James cumpl\u00eda una misi\u00f3n espec\u00edfica\u00bb<\/strong>, ya que <strong>\u00aben soledad este tipo de cosas no se pueden practicar\u00bb.<\/strong><\/p>\n","protected":false},"excerpt":{"rendered":"<p>As\u00ed lo confirm\u00f3 el juez que investiga las escuchas. No descart\u00f3 que la maniobra il\u00edcita haya sido impulsada por competidores de la empresa. Aclar\u00f3 que el esp\u00eda, que era funcionario\u00a0del gobierno porte\u00f1o, \u00abcumpl\u00eda una misi\u00f3n espec\u00edfica\u00bb y no actuaba \u00aben soledad\u00ab. El juez federal Norberto Oyarbide revel\u00f3 esta ma\u00f1ana que el esp\u00eda Ciro James, que&hellip;<\/p>\n","protected":false},"author":1,"featured_media":0,"comment_status":"open","ping_status":"open","sticky":false,"template":"","format":"standard","meta":{"footnotes":""},"categories":[20],"tags":[592,863,470,76,864],"class_list":["post-1550","post","type-post","status-publish","format-standard","hentry","category-judiciales","tag-ciro-james","tag-coto","tag-espionaje","tag-mauricio-macri","tag-norberto-oyrabide"],"_links":{"self":[{"href":"https:\/\/www.elsindical.com.ar\/notas\/wp-json\/wp\/v2\/posts\/1550","targetHints":{"allow":["GET"]}}],"collection":[{"href":"https:\/\/www.elsindical.com.ar\/notas\/wp-json\/wp\/v2\/posts"}],"about":[{"href":"https:\/\/www.elsindical.com.ar\/notas\/wp-json\/wp\/v2\/types\/post"}],"author":[{"embeddable":true,"href":"https:\/\/www.elsindical.com.ar\/notas\/wp-json\/wp\/v2\/users\/1"}],"replies":[{"embeddable":true,"href":"https:\/\/www.elsindical.com.ar\/notas\/wp-json\/wp\/v2\/comments?post=1550"}],"version-history":[{"count":2,"href":"https:\/\/www.elsindical.com.ar\/notas\/wp-json\/wp\/v2\/posts\/1550\/revisions"}],"predecessor-version":[{"id":1553,"href":"https:\/\/www.elsindical.com.ar\/notas\/wp-json\/wp\/v2\/posts\/1550\/revisions\/1553"}],"wp:attachment":[{"href":"https:\/\/www.elsindical.com.ar\/notas\/wp-json\/wp\/v2\/media?parent=1550"}],"wp:term":[{"taxonomy":"category","embeddable":true,"href":"https:\/\/www.elsindical.com.ar\/notas\/wp-json\/wp\/v2\/categories?post=1550"},{"taxonomy":"post_tag","embeddable":true,"href":"https:\/\/www.elsindical.com.ar\/notas\/wp-json\/wp\/v2\/tags?post=1550"}],"curies":[{"name":"wp","href":"https:\/\/api.w.org\/{rel}","templated":true}]}}